{"id":5651,"date":"2026-02-12T09:38:30","date_gmt":"2026-02-12T08:38:30","guid":{"rendered":"https:\/\/loveandotherstories.de\/?p=5651"},"modified":"2026-02-24T12:40:42","modified_gmt":"2026-02-24T11:40:42","slug":"heiraten-am-gardasee-hochzeit","status":"publish","type":"post","link":"https:\/\/loveandotherstories.de\/en\/heiraten-am-gardasee-hochzeit\/","title":{"rendered":"Heiraten am Gardasee: Exklusiver Guide f\u00fcr eure Luxus Gardasee Hochzeit"},"content":{"rendered":"<figure class=\"wp-block-image size-full\"><img fetchpriority=\"high\" decoding=\"async\" width=\"2560\" height=\"1440\" src=\"https:\/\/loveandotherstories.de\/wp-content\/uploads\/2026\/02\/heiraten-am-Gardasee-Lake-Garda-Wedding-10.jpg\" alt=\"Gardasee Hochzeit\" class=\"wp-image-5695\" title=\"\" srcset=\"https:\/\/loveandotherstories.de\/wp-content\/uploads\/2026\/02\/heiraten-am-Gardasee-Lake-Garda-Wedding-10.jpg 2560w, https:\/\/loveandotherstories.de\/wp-content\/uploads\/2026\/02\/heiraten-am-Gardasee-Lake-Garda-Wedding-10-300x169.jpg 300w, https:\/\/loveandotherstories.de\/wp-content\/uploads\/2026\/02\/heiraten-am-Gardasee-Lake-Garda-Wedding-10-1024x576.jpg 1024w, https:\/\/loveandotherstories.de\/wp-content\/uploads\/2026\/02\/heiraten-am-Gardasee-Lake-Garda-Wedding-10-768x432.jpg 768w, https:\/\/loveandotherstories.de\/wp-content\/uploads\/2026\/02\/heiraten-am-Gardasee-Lake-Garda-Wedding-10-1536x864.jpg 1536w, https:\/\/loveandotherstories.de\/wp-content\/uploads\/2026\/02\/heiraten-am-Gardasee-Lake-Garda-Wedding-10-2048x1152.jpg 2048w\" sizes=\"(max-width: 2560px) 100vw, 2560px\" \/><\/figure>\n\n\n\n<p>One <strong>Gardasee Hochzeit<\/strong> steht f\u00fcr Klarheit, Eleganz und eine Kulisse, die in Europa einzigartig ist. Wer sich f\u00fcr das <strong>Heiraten am Gardasee<\/strong> entscheidet, w\u00e4hlt nicht einfach eine Destination in Italien \u2013 sondern eine Region, die See, Berge, historische Architektur und internationales Flair miteinander verbindet. Eine <strong>Lake Garda Wedding<\/strong> ist mehr als eine Feier. Sie ist ein kuratiertes Erlebnis \u00fcber mehrere Tage hinweg.<\/p>\n\n\n\n<p>Ich bin <a href=\"https:\/\/loveandotherstories.de\/en\/\">Lisa Clair, Hochzeitsfotografin f\u00fcr Destination Weddings<\/a>, und begleite seit Jahren exklusive Feiern in Italien. Das <strong>Heiraten am Gardasee<\/strong> verlangt Pr\u00e4zision, Erfahrung und ein klares Verst\u00e4ndnis f\u00fcr Licht, Logistik und \u00c4sthetik. In diesem umfassenden Guide erfahrt ihr detailliert, worauf es bei einer hochwertigen <strong>Gardasee Hochzeit<\/strong> wirklich ankommt.<\/p>\n\n\n\n<figure class=\"wp-block-gallery has-nested-images columns-default is-cropped wp-block-gallery-1 is-layout-flex wp-block-gallery-is-layout-flex\">\n<figure class=\"wp-block-image size-full\"><img decoding=\"async\" width=\"731\" height=\"1024\" data-id=\"7641\" src=\"https:\/\/loveandotherstories.de\/wp-content\/uploads\/2026\/02\/heiraten-am-Gardasee-Hochzeit-Lake-Garda-Wedding-17-731x1024-1.jpg\" alt=\"\" class=\"wp-image-7641\" title=\"\" srcset=\"https:\/\/loveandotherstories.de\/wp-content\/uploads\/2026\/02\/heiraten-am-Gardasee-Hochzeit-Lake-Garda-Wedding-17-731x1024-1.jpg 731w, https:\/\/loveandotherstories.de\/wp-content\/uploads\/2026\/02\/heiraten-am-Gardasee-Hochzeit-Lake-Garda-Wedding-17-731x1024-1-214x300.jpg 214w\" sizes=\"(max-width: 731px) 100vw, 731px\" \/><\/figure>\n\n\n\n<figure class=\"wp-block-image size-full\"><img decoding=\"async\" width=\"683\" height=\"1024\" data-id=\"7637\" src=\"https:\/\/loveandotherstories.de\/wp-content\/uploads\/2026\/02\/heiraten-am-Gardasee-Hochzeit-Lake-Garda-Wedding-13-683x1024-2.jpg\" alt=\"\" class=\"wp-image-7637\" title=\"\" srcset=\"https:\/\/loveandotherstories.de\/wp-content\/uploads\/2026\/02\/heiraten-am-Gardasee-Hochzeit-Lake-Garda-Wedding-13-683x1024-2.jpg 683w, https:\/\/loveandotherstories.de\/wp-content\/uploads\/2026\/02\/heiraten-am-Gardasee-Hochzeit-Lake-Garda-Wedding-13-683x1024-2-200x300.jpg 200w\" sizes=\"(max-width: 683px) 100vw, 683px\" \/><\/figure>\n\n\n\n<figure class=\"wp-block-image size-full\"><img loading=\"lazy\" decoding=\"async\" width=\"683\" height=\"1024\" data-id=\"7667\" src=\"https:\/\/loveandotherstories.de\/wp-content\/uploads\/2026\/02\/VillaBettoni_Italy_Wedding_LakeGarda_Gardasee_Hochzeit-11-683x1024-1.jpg\" alt=\"\" class=\"wp-image-7667\" title=\"\" srcset=\"https:\/\/loveandotherstories.de\/wp-content\/uploads\/2026\/02\/VillaBettoni_Italy_Wedding_LakeGarda_Gardasee_Hochzeit-11-683x1024-1.jpg 683w, https:\/\/loveandotherstories.de\/wp-content\/uploads\/2026\/02\/VillaBettoni_Italy_Wedding_LakeGarda_Gardasee_Hochzeit-11-683x1024-1-200x300.jpg 200w\" sizes=\"(max-width: 683px) 100vw, 683px\" \/><\/figure>\n\n\n\n<figure class=\"wp-block-image size-full\"><img loading=\"lazy\" decoding=\"async\" width=\"683\" height=\"1024\" data-id=\"7631\" src=\"https:\/\/loveandotherstories.de\/wp-content\/uploads\/2026\/02\/heiraten-am-Gardasee-Hochzeit-Lake-Garda-Wedding-9-683x1024-1.jpg\" alt=\"\" class=\"wp-image-7631\" title=\"\" srcset=\"https:\/\/loveandotherstories.de\/wp-content\/uploads\/2026\/02\/heiraten-am-Gardasee-Hochzeit-Lake-Garda-Wedding-9-683x1024-1.jpg 683w, https:\/\/loveandotherstories.de\/wp-content\/uploads\/2026\/02\/heiraten-am-Gardasee-Hochzeit-Lake-Garda-Wedding-9-683x1024-1-200x300.jpg 200w\" sizes=\"(max-width: 683px) 100vw, 683px\" \/><\/figure>\n\n\n\n<figure class=\"wp-block-image size-full\"><img loading=\"lazy\" decoding=\"async\" width=\"683\" height=\"1024\" data-id=\"7638\" src=\"https:\/\/loveandotherstories.de\/wp-content\/uploads\/2026\/02\/heiraten-am-Gardasee-Hochzeit-Lake-Garda-Wedding-15-683x1024-1.jpg\" alt=\"\" class=\"wp-image-7638\" title=\"\" srcset=\"https:\/\/loveandotherstories.de\/wp-content\/uploads\/2026\/02\/heiraten-am-Gardasee-Hochzeit-Lake-Garda-Wedding-15-683x1024-1.jpg 683w, https:\/\/loveandotherstories.de\/wp-content\/uploads\/2026\/02\/heiraten-am-Gardasee-Hochzeit-Lake-Garda-Wedding-15-683x1024-1-200x300.jpg 200w\" sizes=\"(max-width: 683px) 100vw, 683px\" \/><\/figure>\n\n\n\n<figure class=\"wp-block-image size-full\"><img loading=\"lazy\" decoding=\"async\" width=\"683\" height=\"1024\" data-id=\"7672\" src=\"https:\/\/loveandotherstories.de\/wp-content\/uploads\/2026\/02\/VillaBettoni_Italy_Wedding_LakeGarda_Gardasee_Hochzeit-16-683x1024-1.jpg\" alt=\"\" class=\"wp-image-7672\" title=\"\" srcset=\"https:\/\/loveandotherstories.de\/wp-content\/uploads\/2026\/02\/VillaBettoni_Italy_Wedding_LakeGarda_Gardasee_Hochzeit-16-683x1024-1.jpg 683w, https:\/\/loveandotherstories.de\/wp-content\/uploads\/2026\/02\/VillaBettoni_Italy_Wedding_LakeGarda_Gardasee_Hochzeit-16-683x1024-1-200x300.jpg 200w\" sizes=\"(max-width: 683px) 100vw, 683px\" \/><\/figure>\n<\/figure>\n\n\n\n<h2 class=\"wp-block-heading\">Warum Heiraten am Gardasee eine bewusste Entscheidung ist<\/h2>\n\n\n\n<p>The <strong>Heiraten am Gardasee<\/strong> unterscheidet sich deutlich von anderen italienischen Destinationen. W\u00e4hrend die Toskana f\u00fcr Weite und Landg\u00fcter steht, lebt eine <strong>Gardasee Hochzeit<\/strong> vom Kontrast zwischen Wasserfl\u00e4che und Bergsilhouette. Die Architektur rund um den See \u2013 von mittelalterlichen Castelli bis hin zu eleganten Liberty-Villen \u2013 pr\u00e4gt die Bildsprache einer <strong>Lake Garda Wedding<\/strong> ma\u00dfgeblich.<\/p>\n\n\n\n<p>One <strong>Gardasee Hochzeit<\/strong> wirkt h\u00e4ufig moderner und reduzierter. Die klare Horizontlinie des Sees bringt Ruhe in das Designkonzept. Wer sich f\u00fcr das <strong>Heiraten am Gardasee<\/strong> entscheidet, bevorzugt meist ein elegantes, strukturiertes Setting mit internationalem Anspruch.<\/p>\n\n\n\n<figure class=\"wp-block-gallery has-nested-images columns-default is-cropped wp-block-gallery-2 is-layout-flex wp-block-gallery-is-layout-flex\">\n<figure class=\"wp-block-image size-full\"><img loading=\"lazy\" decoding=\"async\" width=\"683\" height=\"1024\" data-id=\"7646\" src=\"https:\/\/loveandotherstories.de\/wp-content\/uploads\/2026\/02\/heiraten-am-Gardasee-Hochzeit-Lake-Garda-Wedding-31-683x1024-1.jpg\" alt=\"\" class=\"wp-image-7646\" title=\"\" srcset=\"https:\/\/loveandotherstories.de\/wp-content\/uploads\/2026\/02\/heiraten-am-Gardasee-Hochzeit-Lake-Garda-Wedding-31-683x1024-1.jpg 683w, https:\/\/loveandotherstories.de\/wp-content\/uploads\/2026\/02\/heiraten-am-Gardasee-Hochzeit-Lake-Garda-Wedding-31-683x1024-1-200x300.jpg 200w\" sizes=\"(max-width: 683px) 100vw, 683px\" \/><\/figure>\n\n\n\n<figure class=\"wp-block-image size-full\"><img loading=\"lazy\" decoding=\"async\" width=\"683\" height=\"1024\" data-id=\"7645\" src=\"https:\/\/loveandotherstories.de\/wp-content\/uploads\/2026\/02\/heiraten-am-Gardasee-Hochzeit-Lake-Garda-Wedding-30-683x1024-1.jpg\" alt=\"\" class=\"wp-image-7645\" title=\"\" srcset=\"https:\/\/loveandotherstories.de\/wp-content\/uploads\/2026\/02\/heiraten-am-Gardasee-Hochzeit-Lake-Garda-Wedding-30-683x1024-1.jpg 683w, https:\/\/loveandotherstories.de\/wp-content\/uploads\/2026\/02\/heiraten-am-Gardasee-Hochzeit-Lake-Garda-Wedding-30-683x1024-1-200x300.jpg 200w\" sizes=\"(max-width: 683px) 100vw, 683px\" \/><\/figure>\n\n\n\n<figure class=\"wp-block-image size-full\"><img loading=\"lazy\" decoding=\"async\" width=\"683\" height=\"1024\" data-id=\"7643\" src=\"https:\/\/loveandotherstories.de\/wp-content\/uploads\/2026\/02\/heiraten-am-Gardasee-Hochzeit-Lake-Garda-Wedding-25-683x1024-1.jpg\" alt=\"\" class=\"wp-image-7643\" title=\"\" srcset=\"https:\/\/loveandotherstories.de\/wp-content\/uploads\/2026\/02\/heiraten-am-Gardasee-Hochzeit-Lake-Garda-Wedding-25-683x1024-1.jpg 683w, https:\/\/loveandotherstories.de\/wp-content\/uploads\/2026\/02\/heiraten-am-Gardasee-Hochzeit-Lake-Garda-Wedding-25-683x1024-1-200x300.jpg 200w\" sizes=\"(max-width: 683px) 100vw, 683px\" \/><\/figure>\n<\/figure>\n\n\n\n<h2 class=\"wp-block-heading\">Die sch\u00f6nsten Orte f\u00fcr eine Hochzeit am Gardasee<\/h2>\n\n\n\n<h3 class=\"wp-block-heading\">Malcesine \u2013 ikonische Kulisse f\u00fcr eine Gardasee Hochzeit<\/h3>\n\n\n\n<p>Malcesine geh\u00f6rt zu den beliebtesten Orten f\u00fcr das <strong>Heiraten am Gardasee<\/strong>. Die Kombination aus Altstadt, See und dem Castello Scaligero schafft eine spektakul\u00e4re B\u00fchne f\u00fcr eine exklusive <strong>Lake Garda Wedding<\/strong>. Zeremonien mit Blick \u00fcber das Wasser sind hier besonders gefragt.<\/p>\n\n\n\n<h3 class=\"wp-block-heading\">Sirmione \u2013 historische Eleganz<\/h3>\n\n\n\n<p>Sirmione ist ideal f\u00fcr Paare, die bei ihrer <strong>Gardasee Hochzeit<\/strong> Wert auf historische Architektur legen. Eine <strong>Lake Garda Wedding<\/strong> in Sirmione verbindet r\u00f6mische Geschichte mit mediterraner Atmosph\u00e4re.<\/p>\n\n\n\n<h3 class=\"wp-block-heading\">Limone sul Garda \u2013 intime Atmosph\u00e4re<\/h3>\n\n\n\n<p>Whoever this <strong>Heiraten am Gardasee<\/strong> im kleineren Rahmen plant, findet in Limone eine charmante Alternative. Eine <strong>Gardasee Hochzeit<\/strong> hier wirkt pers\u00f6nlicher, ohne an Exklusivit\u00e4t zu verlieren.<\/p>\n\n\n\n<h2 class=\"wp-block-heading\">Budgetplanung einer Luxus Gardasee Hochzeit<\/h2>\n\n\n\n<figure class=\"wp-block-image size-full\"><img loading=\"lazy\" decoding=\"async\" width=\"2560\" height=\"1440\" src=\"https:\/\/loveandotherstories.de\/wp-content\/uploads\/2025\/12\/VillaBettoni_Italy_Wedding_LakeGarda_Gardasee_Hochzeit-5.jpg\" alt=\"Villa Bettoni Lake Garda Italy Wedding\" class=\"wp-image-4249\" title=\"\" srcset=\"https:\/\/loveandotherstories.de\/wp-content\/uploads\/2025\/12\/VillaBettoni_Italy_Wedding_LakeGarda_Gardasee_Hochzeit-5.jpg 2560w, https:\/\/loveandotherstories.de\/wp-content\/uploads\/2025\/12\/VillaBettoni_Italy_Wedding_LakeGarda_Gardasee_Hochzeit-5-300x169.jpg 300w, https:\/\/loveandotherstories.de\/wp-content\/uploads\/2025\/12\/VillaBettoni_Italy_Wedding_LakeGarda_Gardasee_Hochzeit-5-1024x576.jpg 1024w, https:\/\/loveandotherstories.de\/wp-content\/uploads\/2025\/12\/VillaBettoni_Italy_Wedding_LakeGarda_Gardasee_Hochzeit-5-768x432.jpg 768w, https:\/\/loveandotherstories.de\/wp-content\/uploads\/2025\/12\/VillaBettoni_Italy_Wedding_LakeGarda_Gardasee_Hochzeit-5-1536x864.jpg 1536w, https:\/\/loveandotherstories.de\/wp-content\/uploads\/2025\/12\/VillaBettoni_Italy_Wedding_LakeGarda_Gardasee_Hochzeit-5-2048x1152.jpg 2048w\" sizes=\"(max-width: 2560px) 100vw, 2560px\" \/><\/figure>\n\n\n\n<p>The <strong>Heiraten am Gardasee<\/strong> wird h\u00e4ufig untersch\u00e4tzt, wenn es um Budget geht. Eine realistische Kalkulation ist entscheidend.<\/p>\n\n\n\n<h3 class=\"wp-block-heading\">Was kostet eine Hochzeit am Gardasee?<\/h3>\n\n\n\n<p>F\u00fcr 40 G\u00e4ste beginnt eine hochwertige <strong>Gardasee Hochzeit<\/strong> bei etwa 50.000 bis 80.000 Euro. Eine gr\u00f6\u00dfere <strong>Lake Garda Wedding<\/strong> mit 80 bis 120 G\u00e4sten und dreit\u00e4gigem Programm liegt zwischen 80.000 und 250.000 Euro.<\/p>\n\n\n\n<h3 class=\"wp-block-heading\">Budgetbestandteile beim Heiraten am Gardasee<\/h3>\n\n\n\n<p><strong>Location-Miete:<\/strong><br>Exklusive Villen oder Seehotels kosten zwischen 15.000 und 50.000 Euro.<\/p>\n\n\n\n<p><strong>Catering<\/strong><br>Fine Dining bei einer <strong>Gardasee Hochzeit<\/strong> liegt bei 200\u2013350 Euro pro Person.<\/p>\n\n\n\n<p><strong>Florales Design:<\/strong><br>Installationen und hochwertige Blumen beginnen bei 15.000 Euro.<\/p>\n\n\n\n<p><strong>Planning:<\/strong><br>Bei einer komplexen <strong>Lake Garda Wedding<\/strong> ist ein erfahrener Wedding Planner unverzichtbar.<\/p>\n\n\n\n<p>The <strong>Heiraten am Gardasee<\/strong> bringt zudem zus\u00e4tzliche Kosten f\u00fcr Genehmigungen, Technik , <a href=\"https:\/\/loveandotherstories.de\/en\/italy-wedding-photographer\/\">Photography  <\/a>und Transfers mit sich.<\/p>\n\n\n\n<h2 class=\"wp-block-heading\">Zeitplanung f\u00fcr das Heiraten am Gardasee<\/h2>\n\n\n\n<figure class=\"wp-block-gallery has-nested-images columns-default is-cropped wp-block-gallery-3 is-layout-flex wp-block-gallery-is-layout-flex\">\n<figure class=\"wp-block-image size-full\"><img loading=\"lazy\" decoding=\"async\" width=\"683\" height=\"1024\" data-id=\"7644\" src=\"https:\/\/loveandotherstories.de\/wp-content\/uploads\/2026\/02\/heiraten-am-Gardasee-Hochzeit-Lake-Garda-Wedding-26-683x1024-1.jpg\" alt=\"\" class=\"wp-image-7644\" title=\"\" srcset=\"https:\/\/loveandotherstories.de\/wp-content\/uploads\/2026\/02\/heiraten-am-Gardasee-Hochzeit-Lake-Garda-Wedding-26-683x1024-1.jpg 683w, https:\/\/loveandotherstories.de\/wp-content\/uploads\/2026\/02\/heiraten-am-Gardasee-Hochzeit-Lake-Garda-Wedding-26-683x1024-1-200x300.jpg 200w\" sizes=\"(max-width: 683px) 100vw, 683px\" \/><\/figure>\n\n\n\n<figure class=\"wp-block-image size-full\"><img loading=\"lazy\" decoding=\"async\" width=\"683\" height=\"1024\" data-id=\"7647\" src=\"https:\/\/loveandotherstories.de\/wp-content\/uploads\/2026\/02\/heiraten-am-Gardasee-Hochzeit-Lake-Garda-Wedding-32-683x1024-1.jpg\" alt=\"\" class=\"wp-image-7647\" title=\"\" srcset=\"https:\/\/loveandotherstories.de\/wp-content\/uploads\/2026\/02\/heiraten-am-Gardasee-Hochzeit-Lake-Garda-Wedding-32-683x1024-1.jpg 683w, https:\/\/loveandotherstories.de\/wp-content\/uploads\/2026\/02\/heiraten-am-Gardasee-Hochzeit-Lake-Garda-Wedding-32-683x1024-1-200x300.jpg 200w\" sizes=\"(max-width: 683px) 100vw, 683px\" \/><\/figure>\n\n\n\n<figure class=\"wp-block-image size-full\"><img loading=\"lazy\" decoding=\"async\" width=\"731\" height=\"1024\" data-id=\"7664\" src=\"https:\/\/loveandotherstories.de\/wp-content\/uploads\/2026\/02\/torre_san_marco_hochzeit_Gardasee_lake_Garda-4-731x1024-1.jpg\" alt=\"\" class=\"wp-image-7664\" title=\"\" srcset=\"https:\/\/loveandotherstories.de\/wp-content\/uploads\/2026\/02\/torre_san_marco_hochzeit_Gardasee_lake_Garda-4-731x1024-1.jpg 731w, https:\/\/loveandotherstories.de\/wp-content\/uploads\/2026\/02\/torre_san_marco_hochzeit_Gardasee_lake_Garda-4-731x1024-1-214x300.jpg 214w\" sizes=\"(max-width: 731px) 100vw, 731px\" \/><\/figure>\n\n\n\n<figure class=\"wp-block-image size-full\"><img loading=\"lazy\" decoding=\"async\" width=\"683\" height=\"1024\" data-id=\"7646\" src=\"https:\/\/loveandotherstories.de\/wp-content\/uploads\/2026\/02\/heiraten-am-Gardasee-Hochzeit-Lake-Garda-Wedding-31-683x1024-1.jpg\" alt=\"\" class=\"wp-image-7646\" title=\"\" srcset=\"https:\/\/loveandotherstories.de\/wp-content\/uploads\/2026\/02\/heiraten-am-Gardasee-Hochzeit-Lake-Garda-Wedding-31-683x1024-1.jpg 683w, https:\/\/loveandotherstories.de\/wp-content\/uploads\/2026\/02\/heiraten-am-Gardasee-Hochzeit-Lake-Garda-Wedding-31-683x1024-1-200x300.jpg 200w\" sizes=\"(max-width: 683px) 100vw, 683px\" \/><\/figure>\n\n\n\n<figure class=\"wp-block-image size-full\"><img loading=\"lazy\" decoding=\"async\" width=\"683\" height=\"1024\" data-id=\"7642\" src=\"https:\/\/loveandotherstories.de\/wp-content\/uploads\/2026\/02\/heiraten-am-Gardasee-Hochzeit-Lake-Garda-Wedding-19-683x1024-1.jpg\" alt=\"\" class=\"wp-image-7642\" title=\"\" srcset=\"https:\/\/loveandotherstories.de\/wp-content\/uploads\/2026\/02\/heiraten-am-Gardasee-Hochzeit-Lake-Garda-Wedding-19-683x1024-1.jpg 683w, https:\/\/loveandotherstories.de\/wp-content\/uploads\/2026\/02\/heiraten-am-Gardasee-Hochzeit-Lake-Garda-Wedding-19-683x1024-1-200x300.jpg 200w\" sizes=\"(max-width: 683px) 100vw, 683px\" \/><\/figure>\n\n\n\n<figure class=\"wp-block-image size-full\"><img loading=\"lazy\" decoding=\"async\" width=\"731\" height=\"1024\" data-id=\"7665\" src=\"https:\/\/loveandotherstories.de\/wp-content\/uploads\/2026\/02\/torre_san_marco_hochzeit_Gardasee_lake_Garda-731x1024-1.jpg\" alt=\"\" class=\"wp-image-7665\" title=\"\" srcset=\"https:\/\/loveandotherstories.de\/wp-content\/uploads\/2026\/02\/torre_san_marco_hochzeit_Gardasee_lake_Garda-731x1024-1.jpg 731w, https:\/\/loveandotherstories.de\/wp-content\/uploads\/2026\/02\/torre_san_marco_hochzeit_Gardasee_lake_Garda-731x1024-1-214x300.jpg 214w\" sizes=\"(max-width: 731px) 100vw, 731px\" \/><\/figure>\n<\/figure>\n\n\n\n<h3 class=\"wp-block-heading\">Vorlaufzeit<\/h3>\n\n\n\n<p>One <strong>Gardasee Hochzeit<\/strong> sollte 15\u201318 Monate im Voraus geplant werden. Besonders beliebte Termine im Mai, Juni und September sind fr\u00fch vergeben.<\/p>\n\n\n\n<h3 class=\"wp-block-heading\">Dokumente f\u00fcr eine standesamtliche Hochzeit am Gardasee<\/h3>\n\n\n\n<p>Wer standesamtlich heiraten m\u00f6chte, ben\u00f6tigt internationale Dokumente, Apostillen und das Nulla Osta. Viele Paare entscheiden sich bei ihrer <strong>Lake Garda Wedding<\/strong> f\u00fcr eine symbolische Zeremonie, um flexibler zu bleiben.<\/p>\n\n\n\n<h2 class=\"wp-block-heading\">Design und Stil einer exklusiven Gardasee Hochzeit<\/h2>\n\n\n\n<p>The <strong>Heiraten am Gardasee<\/strong> verlangt ein Design, das mit der Landschaft harmoniert. Naturstein, Glas, Leinen und reduzierte Farbwelten funktionieren besonders gut.<\/p>\n\n\n\n<p>One <strong>Lake Garda Wedding<\/strong> lebt von klaren Linien. \u00dcberladene Konzepte wirken schnell unruhig. Bei einer hochwertigen <strong>Gardasee Hochzeit<\/strong> steht die Umgebung im Mittelpunkt \u2013 nicht die Dekoration.<\/p>\n\n\n\n<h2 class=\"wp-block-heading\">Logistik und G\u00e4stemanagement bei einer Hochzeit am Gardasee<\/h2>\n\n\n\n<p>Internationale G\u00e4ste reisen \u00fcber Verona, Mailand oder Bergamo an. Das <strong>Heiraten am Gardasee<\/strong> erfordert eine strukturierte Transferplanung, da viele Locations nur eingeschr\u00e4nkt erreichbar sind.<\/p>\n\n\n\n<p>One <strong>Gardasee Hochzeit<\/strong> mit mehrt\u00e4gigem Programm beinhaltet h\u00e4ufig:<\/p>\n\n\n\n<ul class=\"wp-block-list\">\n<li>Welcome Dinner<\/li>\n\n\n\n<li>Zeremonie am Wasser<\/li>\n\n\n\n<li>Day-After-Brunch<\/li>\n<\/ul>\n\n\n\n<p>Diese Dramaturgie macht eine <strong>Lake Garda Wedding<\/strong> zu einem Erlebnis.<\/p>\n\n\n\n<h2 class=\"wp-block-heading\">Wetter und Licht beim Heiraten am Gardasee<\/h2>\n\n\n\n<p>The <strong>Heiraten am Gardasee<\/strong> bringt besondere Lichtverh\u00e4ltnisse mit sich. Die Berge sorgen daf\u00fcr, dass die Sonne fr\u00fcher untergeht. Eine <strong>Gardasee Hochzeit<\/strong> im Sommer ben\u00f6tigt eine pr\u00e4zise Zeitplanung f\u00fcr Portr\u00e4ts.<\/p>\n\n\n\n<p>Wind ist ein weiterer Faktor. Eine <strong>Lake Garda Wedding<\/strong> am Wasser erfordert flexible Styling- und Technikl\u00f6sungen.<\/p>\n\n\n\n<figure class=\"wp-block-gallery has-nested-images columns-default is-cropped wp-block-gallery-4 is-layout-flex wp-block-gallery-is-layout-flex\">\n<figure class=\"wp-block-image size-full\"><img loading=\"lazy\" decoding=\"async\" width=\"683\" height=\"1024\" data-id=\"7653\" src=\"https:\/\/loveandotherstories.de\/wp-content\/uploads\/2026\/02\/heiraten-am-Gardasee-Lake-Garda-Wedding-36-683x1024-1.jpg\" alt=\"\" class=\"wp-image-7653\" title=\"\" srcset=\"https:\/\/loveandotherstories.de\/wp-content\/uploads\/2026\/02\/heiraten-am-Gardasee-Lake-Garda-Wedding-36-683x1024-1.jpg 683w, https:\/\/loveandotherstories.de\/wp-content\/uploads\/2026\/02\/heiraten-am-Gardasee-Lake-Garda-Wedding-36-683x1024-1-200x300.jpg 200w\" sizes=\"(max-width: 683px) 100vw, 683px\" \/><\/figure>\n\n\n\n<figure class=\"wp-block-image size-full\"><img loading=\"lazy\" decoding=\"async\" width=\"683\" height=\"1024\" data-id=\"7629\" src=\"https:\/\/loveandotherstories.de\/wp-content\/uploads\/2026\/02\/heiraten-am-Gardasee-Hochzeit-Lake-Garda-Wedding-7-683x1024-1.jpg\" alt=\"\" class=\"wp-image-7629\" title=\"\" srcset=\"https:\/\/loveandotherstories.de\/wp-content\/uploads\/2026\/02\/heiraten-am-Gardasee-Hochzeit-Lake-Garda-Wedding-7-683x1024-1.jpg 683w, https:\/\/loveandotherstories.de\/wp-content\/uploads\/2026\/02\/heiraten-am-Gardasee-Hochzeit-Lake-Garda-Wedding-7-683x1024-1-200x300.jpg 200w\" sizes=\"(max-width: 683px) 100vw, 683px\" \/><\/figure>\n\n\n\n<figure class=\"wp-block-image size-full\"><img loading=\"lazy\" decoding=\"async\" width=\"683\" height=\"1024\" data-id=\"7636\" src=\"https:\/\/loveandotherstories.de\/wp-content\/uploads\/2026\/02\/heiraten-am-Gardasee-Hochzeit-Lake-Garda-Wedding-13-683x1024-1.jpg\" alt=\"\" class=\"wp-image-7636\" title=\"\" srcset=\"https:\/\/loveandotherstories.de\/wp-content\/uploads\/2026\/02\/heiraten-am-Gardasee-Hochzeit-Lake-Garda-Wedding-13-683x1024-1.jpg 683w, https:\/\/loveandotherstories.de\/wp-content\/uploads\/2026\/02\/heiraten-am-Gardasee-Hochzeit-Lake-Garda-Wedding-13-683x1024-1-200x300.jpg 200w\" sizes=\"(max-width: 683px) 100vw, 683px\" \/><\/figure>\n\n\n\n<figure class=\"wp-block-image size-full\"><img loading=\"lazy\" decoding=\"async\" width=\"683\" height=\"1024\" data-id=\"7635\" src=\"https:\/\/loveandotherstories.de\/wp-content\/uploads\/2026\/02\/heiraten-am-Gardasee-Hochzeit-Lake-Garda-Wedding-12-683x1024-1.jpg\" alt=\"\" class=\"wp-image-7635\" title=\"\" srcset=\"https:\/\/loveandotherstories.de\/wp-content\/uploads\/2026\/02\/heiraten-am-Gardasee-Hochzeit-Lake-Garda-Wedding-12-683x1024-1.jpg 683w, https:\/\/loveandotherstories.de\/wp-content\/uploads\/2026\/02\/heiraten-am-Gardasee-Hochzeit-Lake-Garda-Wedding-12-683x1024-1-200x300.jpg 200w\" sizes=\"(max-width: 683px) 100vw, 683px\" \/><\/figure>\n\n\n\n<figure class=\"wp-block-image size-full\"><img loading=\"lazy\" decoding=\"async\" width=\"683\" height=\"1024\" data-id=\"7639\" src=\"https:\/\/loveandotherstories.de\/wp-content\/uploads\/2026\/02\/heiraten-am-Gardasee-Hochzeit-Lake-Garda-Wedding-15-683x1024-2.jpg\" alt=\"\" class=\"wp-image-7639\" title=\"\" srcset=\"https:\/\/loveandotherstories.de\/wp-content\/uploads\/2026\/02\/heiraten-am-Gardasee-Hochzeit-Lake-Garda-Wedding-15-683x1024-2.jpg 683w, https:\/\/loveandotherstories.de\/wp-content\/uploads\/2026\/02\/heiraten-am-Gardasee-Hochzeit-Lake-Garda-Wedding-15-683x1024-2-200x300.jpg 200w\" sizes=\"(max-width: 683px) 100vw, 683px\" \/><\/figure>\n\n\n\n<figure class=\"wp-block-image size-full\"><img loading=\"lazy\" decoding=\"async\" width=\"683\" height=\"1024\" data-id=\"7652\" src=\"https:\/\/loveandotherstories.de\/wp-content\/uploads\/2026\/02\/heiraten-am-Gardasee-Lake-Garda-Wedding-35-683x1024-1.jpg\" alt=\"\" class=\"wp-image-7652\" title=\"\" srcset=\"https:\/\/loveandotherstories.de\/wp-content\/uploads\/2026\/02\/heiraten-am-Gardasee-Lake-Garda-Wedding-35-683x1024-1.jpg 683w, https:\/\/loveandotherstories.de\/wp-content\/uploads\/2026\/02\/heiraten-am-Gardasee-Lake-Garda-Wedding-35-683x1024-1-200x300.jpg 200w\" sizes=\"(max-width: 683px) 100vw, 683px\" \/><\/figure>\n<\/figure>\n\n\n\n<h2 class=\"wp-block-heading\">Hochzeitsfotografie bei einer Gardasee Hochzeit<\/h2>\n\n\n\n<p>As <a href=\"https:\/\/loveandotherstories.de\/en\/\">Destination-Wedding-Fotografin<\/a> sehe ich das <strong>Heiraten am Gardasee<\/strong> nicht nur als Reportage eines Hochzeitstages, sondern als visuelle Komposition aus Horizont, Architektur, Wasserfl\u00e4che und Bewegung. Eine <strong>Gardasee Hochzeit<\/strong> bietet eine grafisch sehr starke Umgebung. Der See bildet eine klare Linie, die Berge schaffen Tiefe, historische Fassaden setzen vertikale Akzente. Diese Elemente wirken nur dann harmonisch, wenn sie bewusst in die Bildgestaltung integriert werden.<\/p>\n\n\n\n<p>One <strong>Lake Garda Wedding<\/strong> unterscheidet sich fotografisch deutlich von Feiern in flachen Landschaften. Der See reflektiert Licht, erzeugt Spiegelungen und ver\u00e4ndert die Farbtemperatur im Tagesverlauf. Morgens wirkt das Licht klar und k\u00fchl, am Nachmittag kontrastreicher, am Abend warm und weich. Wer das <strong>Heiraten am Gardasee<\/strong> plant, sollte deshalb verstehen, dass Licht hier ein aktiver Gestaltungspartner ist \u2013 kein Zufall.<\/p>\n\n\n\n<h3 class=\"wp-block-heading\">Lichtf\u00fchrung und Timing bei einer Hochzeit am Gardasee<\/h3>\n\n\n\n<figure class=\"wp-block-image size-full\"><img loading=\"lazy\" decoding=\"async\" width=\"2560\" height=\"1440\" src=\"https:\/\/loveandotherstories.de\/wp-content\/uploads\/2026\/02\/heiraten-am-Gardasee-Lake-Garda-Wedding-4.jpg\" alt=\"Gardasee Hochzeit\" class=\"wp-image-5689\" title=\"\" srcset=\"https:\/\/loveandotherstories.de\/wp-content\/uploads\/2026\/02\/heiraten-am-Gardasee-Lake-Garda-Wedding-4.jpg 2560w, https:\/\/loveandotherstories.de\/wp-content\/uploads\/2026\/02\/heiraten-am-Gardasee-Lake-Garda-Wedding-4-300x169.jpg 300w, https:\/\/loveandotherstories.de\/wp-content\/uploads\/2026\/02\/heiraten-am-Gardasee-Lake-Garda-Wedding-4-1024x576.jpg 1024w, https:\/\/loveandotherstories.de\/wp-content\/uploads\/2026\/02\/heiraten-am-Gardasee-Lake-Garda-Wedding-4-768x432.jpg 768w, https:\/\/loveandotherstories.de\/wp-content\/uploads\/2026\/02\/heiraten-am-Gardasee-Lake-Garda-Wedding-4-1536x864.jpg 1536w, https:\/\/loveandotherstories.de\/wp-content\/uploads\/2026\/02\/heiraten-am-Gardasee-Lake-Garda-Wedding-4-2048x1152.jpg 2048w\" sizes=\"(max-width: 2560px) 100vw, 2560px\" \/><\/figure>\n\n\n\n<p>Die Goldstunde ist bei einer <strong>Gardasee Hochzeit<\/strong> besonders intensiv, aber oft k\u00fcrzer als erwartet. Die umliegenden Berge sorgen daf\u00fcr, dass die Sonne fr\u00fcher hinter dem Horizont verschwindet. W\u00e4hrend es auf offenen Ebenen bis 21 Uhr hell sein kann, sinkt das Licht am Gardasee h\u00e4ufig bereits deutlich fr\u00fcher ab.<\/p>\n\n\n\n<p>Deshalb sollte das <strong>Heiraten am Gardasee<\/strong> mit einer pr\u00e4zisen Zeitplanung verbunden sein. Portr\u00e4ts geh\u00f6ren nicht zuf\u00e4llig zwischen Programmpunkte, sondern brauchen ein bewusst reserviertes Zeitfenster. Ideal ist ein erster kurzer Moment am Nachmittag f\u00fcr strukturierte Aufnahmen in Architekturkulissen und ein zweites, klar definiertes Fenster w\u00e4hrend der Goldstunde f\u00fcr weichere Lichtstimmungen.<\/p>\n\n\n\n<p>One <strong>Lake Garda Wedding<\/strong> profitiert zudem von klaren Abl\u00e4ufen. Wenn G\u00e4ste und Dienstleister wissen, wann welche Sequenz stattfindet, entstehen ruhige und stimmige Bildserien. Spontanit\u00e4t bleibt wichtig, aber sie braucht Struktur.<\/p>\n\n\n\n<h3 class=\"wp-block-heading\">Architektur als Gestaltungselement<\/h3>\n\n\n\n<p>The <strong>Heiraten am Gardasee<\/strong> bedeutet fast immer, in oder vor historischer Architektur zu feiern. Villen mit S\u00e4uleng\u00e4ngen, Terrassen, symmetrischen G\u00e4rten oder monumentalen Fassaden pr\u00e4gen die visuelle Identit\u00e4t einer <strong>Gardasee Hochzeit<\/strong>.<\/p>\n\n\n\n<p>F\u00fcr die Hochzeitsfotografie bedeutet das, Perspektiven bewusst zu w\u00e4hlen. Weitwinkelaufnahmen k\u00f6nnen die Dimension des Ortes einfangen, w\u00e4hrend engere Bildausschnitte Intimit\u00e4t schaffen. Linienf\u00fchrung spielt eine zentrale Rolle. Zypressenalleen, Treppenaufg\u00e4nge oder Balustraden lassen sich gezielt einsetzen, um Ruhe und Klarheit in die Komposition zu bringen.<\/p>\n\n\n\n<p>One <strong>Lake Garda Wedding<\/strong> bietet zudem starke Kontraste zwischen Natur und Architektur. Diese Balance zu halten, ist entscheidend. Zu viel Fokus auf Landschaft kann die Personen verlieren lassen, zu enge Bildausschnitte nehmen dem Ort seine Wirkung. Genau diese Spannung macht das <strong>Heiraten am Gardasee<\/strong> fotografisch anspruchsvoll und zugleich besonders reizvoll.<\/p>\n\n\n\n<figure class=\"wp-block-gallery has-nested-images columns-default is-cropped wp-block-gallery-5 is-layout-flex wp-block-gallery-is-layout-flex\">\n<figure class=\"wp-block-image size-full\"><img loading=\"lazy\" decoding=\"async\" width=\"683\" height=\"1024\" data-id=\"7672\" src=\"https:\/\/loveandotherstories.de\/wp-content\/uploads\/2026\/02\/VillaBettoni_Italy_Wedding_LakeGarda_Gardasee_Hochzeit-16-683x1024-1.jpg\" alt=\"\" class=\"wp-image-7672\" title=\"\" srcset=\"https:\/\/loveandotherstories.de\/wp-content\/uploads\/2026\/02\/VillaBettoni_Italy_Wedding_LakeGarda_Gardasee_Hochzeit-16-683x1024-1.jpg 683w, https:\/\/loveandotherstories.de\/wp-content\/uploads\/2026\/02\/VillaBettoni_Italy_Wedding_LakeGarda_Gardasee_Hochzeit-16-683x1024-1-200x300.jpg 200w\" sizes=\"(max-width: 683px) 100vw, 683px\" \/><\/figure>\n\n\n\n<figure class=\"wp-block-image size-full\"><img loading=\"lazy\" decoding=\"async\" width=\"683\" height=\"1024\" data-id=\"7632\" src=\"https:\/\/loveandotherstories.de\/wp-content\/uploads\/2026\/02\/heiraten-am-Gardasee-Hochzeit-Lake-Garda-Wedding-10-683x1024-1.jpg\" alt=\"\" class=\"wp-image-7632\" title=\"\" srcset=\"https:\/\/loveandotherstories.de\/wp-content\/uploads\/2026\/02\/heiraten-am-Gardasee-Hochzeit-Lake-Garda-Wedding-10-683x1024-1.jpg 683w, https:\/\/loveandotherstories.de\/wp-content\/uploads\/2026\/02\/heiraten-am-Gardasee-Hochzeit-Lake-Garda-Wedding-10-683x1024-1-200x300.jpg 200w\" sizes=\"(max-width: 683px) 100vw, 683px\" \/><\/figure>\n\n\n\n<figure class=\"wp-block-image size-full\"><img loading=\"lazy\" decoding=\"async\" width=\"731\" height=\"1024\" data-id=\"7627\" src=\"https:\/\/loveandotherstories.de\/wp-content\/uploads\/2026\/02\/heiraten-am-Gardasee-Hochzeit-Lake-Garda-Wedding-3-731x1024-1.jpg\" alt=\"\" class=\"wp-image-7627\" title=\"\" srcset=\"https:\/\/loveandotherstories.de\/wp-content\/uploads\/2026\/02\/heiraten-am-Gardasee-Hochzeit-Lake-Garda-Wedding-3-731x1024-1.jpg 731w, https:\/\/loveandotherstories.de\/wp-content\/uploads\/2026\/02\/heiraten-am-Gardasee-Hochzeit-Lake-Garda-Wedding-3-731x1024-1-214x300.jpg 214w\" sizes=\"(max-width: 731px) 100vw, 731px\" \/><\/figure>\n<\/figure>\n\n\n\n<h3 class=\"wp-block-heading\">Wind, Wasser und Bewegung<\/h3>\n\n\n\n<p>Ein oft untersch\u00e4tzter Faktor bei einer <strong>Gardasee Hochzeit<\/strong> ist der Wind. Durch die thermischen Unterschiede zwischen Wasser und Bergen entstehen regelm\u00e4\u00dfig leichte bis st\u00e4rkere Luftbewegungen. F\u00fcr die Bildgestaltung bedeutet das Bewegung in Kleidern, Schleiern und Haaren.<\/p>\n\n\n\n<p>Whoever this <strong>Heiraten am Gardasee<\/strong> plant, sollte diese Dynamik nicht als St\u00f6rfaktor sehen, sondern als Gestaltungselement. Bewegte Stoffe k\u00f6nnen Bildern Lebendigkeit verleihen, erfordern jedoch Erfahrung im Timing. Gleichzeitig m\u00fcssen Frisur und Make-up entsprechend vorbereitet sein.<\/p>\n\n\n\n<p>Das Wasser selbst wirkt wie ein nat\u00fcrlicher Reflektor. Bei einer <strong>Lake Garda Wedding<\/strong> entstehen dadurch weiche Lichtakzente von unten, die Hautt\u00f6ne beeinflussen k\u00f6nnen. Eine bewusste Positionierung des Paares relativ zum See ist daher entscheidend.<\/p>\n\n\n\n<h3 class=\"wp-block-heading\">Mehrt\u00e4gige Begleitung und visuelle Konsistenz<\/h3>\n\n\n\n<p>Eine hochwertige <strong>Gardasee Hochzeit<\/strong> ist meist als Wedding Weekend konzipiert. Welcome Dinner, Hochzeitstag und Day-After-Brunch bilden eine dramaturgische Einheit. F\u00fcr die Hochzeitsfotografie bedeutet das, eine konsistente Bildsprache \u00fcber mehrere Tage hinweg zu entwickeln.<\/p>\n\n\n\n<p>The <strong>Heiraten am Gardasee<\/strong> lebt von Atmosph\u00e4re. Deshalb geht es nicht nur um Zeremonie und Portr\u00e4ts, sondern auch um Details: gedeckte Tafeln mit Seeblick, das Zusammenspiel von Kerzenlicht und Abendhimmel, die Ankunft der G\u00e4ste per Boot. Eine <strong>Lake Garda Wedding<\/strong> entfaltet ihre Wirkung erst in der Gesamtheit dieser Momente.<\/p>\n\n\n\n<h3 class=\"wp-block-heading\">Diskretion und Professionalit\u00e4t<\/h3>\n\n\n\n<p>Bei einer exklusiven <strong>Gardasee Hochzeit<\/strong> spielt Diskretion eine zentrale Rolle. Viele Paare, die sich f\u00fcr das <strong>Heiraten am Gardasee<\/strong> entscheiden, legen Wert auf Privatsph\u00e4re. Eine unaufdringliche Arbeitsweise ist daher essenziell. Die fotografische Begleitung sollte pr\u00e4sent sein, ohne sich in den Vordergrund zu dr\u00e4ngen.<\/p>\n\n\n\n<p>Professionalit\u00e4t zeigt sich nicht nur im Umgang mit G\u00e4sten, sondern auch in der technischen Vorbereitung. Backup-Equipment, redundante Datensicherung und klare Abstimmung mit Planner und Location sind bei einer <strong>Lake Garda Wedding<\/strong> selbstverst\u00e4ndlich.<\/p>\n\n\n\n<h3 class=\"wp-block-heading\">\u00c4sthetische Reduktion statt \u00dcberinszenierung<\/h3>\n\n\n\n<p>One <strong>Gardasee Hochzeit<\/strong> ben\u00f6tigt keine \u00fcbertriebene Inszenierung. Der Ort selbst ist stark genug. Wer das <strong>Heiraten am Gardasee<\/strong> fotografisch begleitet, sollte Reduktion verstehen. Klare Linien, ruhige Hintergr\u00fcnde und bewusst gesetzte Kontraste erzeugen zeitlose Bilder.<\/p>\n\n\n\n<p>Gerade im Luxussegment ist Zur\u00fcckhaltung ein Qualit\u00e4tsmerkmal. Eine hochwertige <strong>Lake Garda Wedding<\/strong> wirkt dann am st\u00e4rksten, wenn Architektur, Landschaft und Menschen in Balance stehen.<\/p>\n\n\n\n<figure class=\"wp-block-gallery has-nested-images columns-default is-cropped wp-block-gallery-6 is-layout-flex wp-block-gallery-is-layout-flex\">\n<figure class=\"wp-block-image size-full\"><img loading=\"lazy\" decoding=\"async\" width=\"683\" height=\"1024\" data-id=\"7666\" src=\"https:\/\/loveandotherstories.de\/wp-content\/uploads\/2026\/02\/VillaBettoni_Italy_Wedding_LakeGarda_Gardasee_Hochzeit-7-683x1024-1.jpg\" alt=\"\" class=\"wp-image-7666\" title=\"\" srcset=\"https:\/\/loveandotherstories.de\/wp-content\/uploads\/2026\/02\/VillaBettoni_Italy_Wedding_LakeGarda_Gardasee_Hochzeit-7-683x1024-1.jpg 683w, https:\/\/loveandotherstories.de\/wp-content\/uploads\/2026\/02\/VillaBettoni_Italy_Wedding_LakeGarda_Gardasee_Hochzeit-7-683x1024-1-200x300.jpg 200w\" sizes=\"(max-width: 683px) 100vw, 683px\" \/><\/figure>\n\n\n\n<figure class=\"wp-block-image size-full\"><img loading=\"lazy\" decoding=\"async\" width=\"683\" height=\"1024\" data-id=\"7674\" src=\"https:\/\/loveandotherstories.de\/wp-content\/uploads\/2026\/02\/VillaBettoni_Italy_Wedding_LakeGarda_Gardasee_Hochzeit-24-683x1024-1.jpg\" alt=\"\" class=\"wp-image-7674\" title=\"\" srcset=\"https:\/\/loveandotherstories.de\/wp-content\/uploads\/2026\/02\/VillaBettoni_Italy_Wedding_LakeGarda_Gardasee_Hochzeit-24-683x1024-1.jpg 683w, https:\/\/loveandotherstories.de\/wp-content\/uploads\/2026\/02\/VillaBettoni_Italy_Wedding_LakeGarda_Gardasee_Hochzeit-24-683x1024-1-200x300.jpg 200w\" sizes=\"(max-width: 683px) 100vw, 683px\" \/><\/figure>\n\n\n\n<figure class=\"wp-block-image size-full\"><img loading=\"lazy\" decoding=\"async\" width=\"683\" height=\"1024\" data-id=\"7673\" src=\"https:\/\/loveandotherstories.de\/wp-content\/uploads\/2026\/02\/VillaBettoni_Italy_Wedding_LakeGarda_Gardasee_Hochzeit-21-683x1024-1.jpg\" alt=\"\" class=\"wp-image-7673\" title=\"\" srcset=\"https:\/\/loveandotherstories.de\/wp-content\/uploads\/2026\/02\/VillaBettoni_Italy_Wedding_LakeGarda_Gardasee_Hochzeit-21-683x1024-1.jpg 683w, https:\/\/loveandotherstories.de\/wp-content\/uploads\/2026\/02\/VillaBettoni_Italy_Wedding_LakeGarda_Gardasee_Hochzeit-21-683x1024-1-200x300.jpg 200w\" sizes=\"(max-width: 683px) 100vw, 683px\" \/><\/figure>\n\n\n\n<figure class=\"wp-block-image size-full\"><img loading=\"lazy\" decoding=\"async\" width=\"683\" height=\"1024\" data-id=\"7671\" src=\"https:\/\/loveandotherstories.de\/wp-content\/uploads\/2026\/02\/VillaBettoni_Italy_Wedding_LakeGarda_Gardasee_Hochzeit-15-683x1024-2.jpg\" alt=\"\" class=\"wp-image-7671\" title=\"\" srcset=\"https:\/\/loveandotherstories.de\/wp-content\/uploads\/2026\/02\/VillaBettoni_Italy_Wedding_LakeGarda_Gardasee_Hochzeit-15-683x1024-2.jpg 683w, https:\/\/loveandotherstories.de\/wp-content\/uploads\/2026\/02\/VillaBettoni_Italy_Wedding_LakeGarda_Gardasee_Hochzeit-15-683x1024-2-200x300.jpg 200w\" sizes=\"(max-width: 683px) 100vw, 683px\" \/><\/figure>\n\n\n\n<figure class=\"wp-block-image size-full\"><img loading=\"lazy\" decoding=\"async\" width=\"683\" height=\"1024\" data-id=\"7668\" src=\"https:\/\/loveandotherstories.de\/wp-content\/uploads\/2026\/02\/VillaBettoni_Italy_Wedding_LakeGarda_Gardasee_Hochzeit-12-683x1024-1.jpg\" alt=\"\" class=\"wp-image-7668\" title=\"\" srcset=\"https:\/\/loveandotherstories.de\/wp-content\/uploads\/2026\/02\/VillaBettoni_Italy_Wedding_LakeGarda_Gardasee_Hochzeit-12-683x1024-1.jpg 683w, https:\/\/loveandotherstories.de\/wp-content\/uploads\/2026\/02\/VillaBettoni_Italy_Wedding_LakeGarda_Gardasee_Hochzeit-12-683x1024-1-200x300.jpg 200w\" sizes=\"(max-width: 683px) 100vw, 683px\" \/><\/figure>\n\n\n\n<figure class=\"wp-block-image size-full\"><img loading=\"lazy\" decoding=\"async\" width=\"683\" height=\"1024\" data-id=\"7667\" src=\"https:\/\/loveandotherstories.de\/wp-content\/uploads\/2026\/02\/VillaBettoni_Italy_Wedding_LakeGarda_Gardasee_Hochzeit-11-683x1024-1.jpg\" alt=\"\" class=\"wp-image-7667\" title=\"\" srcset=\"https:\/\/loveandotherstories.de\/wp-content\/uploads\/2026\/02\/VillaBettoni_Italy_Wedding_LakeGarda_Gardasee_Hochzeit-11-683x1024-1.jpg 683w, https:\/\/loveandotherstories.de\/wp-content\/uploads\/2026\/02\/VillaBettoni_Italy_Wedding_LakeGarda_Gardasee_Hochzeit-11-683x1024-1-200x300.jpg 200w\" sizes=\"(max-width: 683px) 100vw, 683px\" \/><\/figure>\n<\/figure>\n\n\n\n<h2 class=\"wp-block-heading\">H\u00e4ufige Fehler beim Heiraten am Gardasee<\/h2>\n\n\n\n<ol class=\"wp-block-list\">\n<li>Budget zu niedrig kalkulieren<\/li>\n\n\n\n<li>Transfers nicht zentral organisieren<\/li>\n\n\n\n<li>Zu sp\u00e4te Buchung der Location<\/li>\n<\/ol>\n\n\n\n<p>A well-planned <strong>Gardasee Hochzeit<\/strong> vermeidet diese Probleme.<\/p>\n\n\n\n<p>Perfekt, ich schreibe dir den Abschnitt noch einmal sauber formatiert, ohne Trennlinien, mit klarer Struktur und hochwertigem Ton.<\/p>\n\n\n\n<h2 class=\"wp-block-heading\">Die Top 10 Luxus Locations f\u00fcr eine exklusive Gardasee Hochzeit<\/h2>\n\n\n\n<figure class=\"wp-block-image size-full\"><img decoding=\"async\" src=\"https:\/\/loveandotherstories.de\/wp-content\/uploads\/2026\/02\/heiraten-am-Gardasee-Lake-Garda-Wedding-28.jpg\" alt=\"\" class=\"wp-image-5713\" title=\"\"><\/figure>\n\n\n\n<p>This is an incomplete German sentence. It translates to \"Whoever is interested in the...\" or \"Those who are interested in the...\". To provide a complete translation, please provide the rest of the sentence. <strong>Heiraten am Gardasee<\/strong> entscheidet, w\u00e4hlt nicht nur eine Region, sondern eine architektonische Identit\u00e4t. Die Location pr\u00e4gt die Atmosph\u00e4re einer <strong>Gardasee Hochzeit<\/strong> ma\u00dfgeblich. Jede <strong>Lake Garda Wedding<\/strong> erh\u00e4lt durch ihre Kulisse einen eigenen Charakter \u2013 von monumentaler Barockvilla bis hin zur privaten Insel.<\/p>\n\n\n\n<h3 class=\"wp-block-heading\">Villa Cortine Palace Hotel \u2013 Sirmione<\/h3>\n\n\n\n<p>Die Villa Cortine Palace z\u00e4hlt zu den ikonischsten Adressen f\u00fcr eine <strong>Lake Garda Wedding<\/strong>. Das historische Anwesen liegt auf einer privaten Halbinsel in Sirmione und bietet einen weitl\u00e4ufigen Park mit alten B\u00e4umen, Marmorstatuen und mehreren Terrassen mit direktem Blick auf das Wasser. Wer hier das <strong>Heiraten am Gardasee<\/strong> plant, entscheidet sich f\u00fcr klassische Eleganz mit aristokratischer Ausstrahlung.<\/p>\n\n\n\n<p>Die erh\u00f6hte Lage schafft Privatsph\u00e4re und erm\u00f6glicht gleichzeitig einen weiten Panoramablick \u00fcber den See. Besonders eindrucksvoll sind Zeremonien auf der Rasenfl\u00e4che mit freiem Horizont. F\u00fcr eine exklusive <strong>Gardasee Hochzeit<\/strong> bietet die Villa eine klare r\u00e4umliche Dramaturgie zwischen Zeremonie, Aperitif und Dinner.<\/p>\n\n\n\n<p>Stil: klassisch, aristokratisch, Grand-Hotel-Eleganz<br>Personenanzahl: ca. 60\u2013120 G\u00e4ste<br>Lage am Wasser: Ja<\/p>\n\n\n\n<h3 class=\"wp-block-heading\">Isola del Garda \u2013 San Felice del Benaco<\/h3>\n\n\n\n<figure class=\"wp-block-gallery has-nested-images columns-default is-cropped wp-block-gallery-7 is-layout-flex wp-block-gallery-is-layout-flex\">\n<figure class=\"wp-block-image size-full\"><img loading=\"lazy\" decoding=\"async\" width=\"683\" height=\"1024\" data-id=\"7662\" src=\"https:\/\/loveandotherstories.de\/wp-content\/uploads\/2026\/02\/isola_del_Garda_hochzeit_Gardasee_lake_Garda-56-683x1024-1.jpg\" alt=\"\" class=\"wp-image-7662\" title=\"\" srcset=\"https:\/\/loveandotherstories.de\/wp-content\/uploads\/2026\/02\/isola_del_Garda_hochzeit_Gardasee_lake_Garda-56-683x1024-1.jpg 683w, https:\/\/loveandotherstories.de\/wp-content\/uploads\/2026\/02\/isola_del_Garda_hochzeit_Gardasee_lake_Garda-56-683x1024-1-200x300.jpg 200w\" sizes=\"(max-width: 683px) 100vw, 683px\" \/><\/figure>\n\n\n\n<figure class=\"wp-block-image size-full\"><img loading=\"lazy\" decoding=\"async\" width=\"683\" height=\"1024\" data-id=\"7661\" src=\"https:\/\/loveandotherstories.de\/wp-content\/uploads\/2026\/02\/isola_del_Garda_hochzeit_Gardasee_lake_Garda-40-683x1024-1.jpg\" alt=\"\" class=\"wp-image-7661\" title=\"\" srcset=\"https:\/\/loveandotherstories.de\/wp-content\/uploads\/2026\/02\/isola_del_Garda_hochzeit_Gardasee_lake_Garda-40-683x1024-1.jpg 683w, https:\/\/loveandotherstories.de\/wp-content\/uploads\/2026\/02\/isola_del_Garda_hochzeit_Gardasee_lake_Garda-40-683x1024-1-200x300.jpg 200w\" sizes=\"(max-width: 683px) 100vw, 683px\" \/><\/figure>\n\n\n\n<figure class=\"wp-block-image size-full\"><img loading=\"lazy\" decoding=\"async\" width=\"683\" height=\"1024\" data-id=\"7660\" src=\"https:\/\/loveandotherstories.de\/wp-content\/uploads\/2026\/02\/isola_del_Garda_hochzeit_Gardasee_lake_Garda-34-683x1024-1.jpg\" alt=\"\" class=\"wp-image-7660\" title=\"\" srcset=\"https:\/\/loveandotherstories.de\/wp-content\/uploads\/2026\/02\/isola_del_Garda_hochzeit_Gardasee_lake_Garda-34-683x1024-1.jpg 683w, https:\/\/loveandotherstories.de\/wp-content\/uploads\/2026\/02\/isola_del_Garda_hochzeit_Gardasee_lake_Garda-34-683x1024-1-200x300.jpg 200w\" sizes=\"(max-width: 683px) 100vw, 683px\" \/><\/figure>\n\n\n\n<figure class=\"wp-block-image size-full\"><img loading=\"lazy\" decoding=\"async\" width=\"683\" height=\"1024\" data-id=\"7658\" src=\"https:\/\/loveandotherstories.de\/wp-content\/uploads\/2026\/02\/isola_del_Garda_hochzeit_Gardasee_lake_Garda-24-683x1024-1.jpg\" alt=\"\" class=\"wp-image-7658\" title=\"\" srcset=\"https:\/\/loveandotherstories.de\/wp-content\/uploads\/2026\/02\/isola_del_Garda_hochzeit_Gardasee_lake_Garda-24-683x1024-1.jpg 683w, https:\/\/loveandotherstories.de\/wp-content\/uploads\/2026\/02\/isola_del_Garda_hochzeit_Gardasee_lake_Garda-24-683x1024-1-200x300.jpg 200w\" sizes=\"(max-width: 683px) 100vw, 683px\" \/><\/figure>\n\n\n\n<figure class=\"wp-block-image size-full\"><img loading=\"lazy\" decoding=\"async\" width=\"683\" height=\"1024\" data-id=\"7656\" src=\"https:\/\/loveandotherstories.de\/wp-content\/uploads\/2026\/02\/isola_del_Garda_hochzeit_Gardasee_lake_Garda-11-683x1024-1.jpg\" alt=\"\" class=\"wp-image-7656\" title=\"\" srcset=\"https:\/\/loveandotherstories.de\/wp-content\/uploads\/2026\/02\/isola_del_Garda_hochzeit_Gardasee_lake_Garda-11-683x1024-1.jpg 683w, https:\/\/loveandotherstories.de\/wp-content\/uploads\/2026\/02\/isola_del_Garda_hochzeit_Gardasee_lake_Garda-11-683x1024-1-200x300.jpg 200w\" sizes=\"(max-width: 683px) 100vw, 683px\" \/><\/figure>\n\n\n\n<figure class=\"wp-block-image size-full\"><img loading=\"lazy\" decoding=\"async\" width=\"683\" height=\"1024\" data-id=\"7659\" src=\"https:\/\/loveandotherstories.de\/wp-content\/uploads\/2026\/02\/isola_del_Garda_hochzeit_Gardasee_lake_Garda-25-683x1024-1.jpg\" alt=\"\" class=\"wp-image-7659\" title=\"\" srcset=\"https:\/\/loveandotherstories.de\/wp-content\/uploads\/2026\/02\/isola_del_Garda_hochzeit_Gardasee_lake_Garda-25-683x1024-1.jpg 683w, https:\/\/loveandotherstories.de\/wp-content\/uploads\/2026\/02\/isola_del_Garda_hochzeit_Gardasee_lake_Garda-25-683x1024-1-200x300.jpg 200w\" sizes=\"(max-width: 683px) 100vw, 683px\" \/><\/figure>\n\n\n\n<figure class=\"wp-block-image size-full\"><img loading=\"lazy\" decoding=\"async\" width=\"683\" height=\"1024\" data-id=\"7657\" src=\"https:\/\/loveandotherstories.de\/wp-content\/uploads\/2026\/02\/isola_del_Garda_hochzeit_Gardasee_lake_Garda-16-683x1024-1.jpg\" alt=\"\" class=\"wp-image-7657\" title=\"\" srcset=\"https:\/\/loveandotherstories.de\/wp-content\/uploads\/2026\/02\/isola_del_Garda_hochzeit_Gardasee_lake_Garda-16-683x1024-1.jpg 683w, https:\/\/loveandotherstories.de\/wp-content\/uploads\/2026\/02\/isola_del_Garda_hochzeit_Gardasee_lake_Garda-16-683x1024-1-200x300.jpg 200w\" sizes=\"(max-width: 683px) 100vw, 683px\" \/><\/figure>\n\n\n\n<figure class=\"wp-block-image size-full\"><img loading=\"lazy\" decoding=\"async\" width=\"683\" height=\"1024\" data-id=\"7655\" src=\"https:\/\/loveandotherstories.de\/wp-content\/uploads\/2026\/02\/isola_del_Garda_hochzeit_Gardasee_lake_Garda-8-683x1024-1.jpg\" alt=\"\" class=\"wp-image-7655\" title=\"\" srcset=\"https:\/\/loveandotherstories.de\/wp-content\/uploads\/2026\/02\/isola_del_Garda_hochzeit_Gardasee_lake_Garda-8-683x1024-1.jpg 683w, https:\/\/loveandotherstories.de\/wp-content\/uploads\/2026\/02\/isola_del_Garda_hochzeit_Gardasee_lake_Garda-8-683x1024-1-200x300.jpg 200w\" sizes=\"(max-width: 683px) 100vw, 683px\" \/><\/figure>\n\n\n\n<figure class=\"wp-block-image size-full\"><img loading=\"lazy\" decoding=\"async\" width=\"683\" height=\"1024\" data-id=\"7654\" src=\"https:\/\/loveandotherstories.de\/wp-content\/uploads\/2026\/02\/isola_del_Garda_hochzeit_Gardasee_lake_Garda-4-683x1024-1.jpg\" alt=\"\" class=\"wp-image-7654\" title=\"\" srcset=\"https:\/\/loveandotherstories.de\/wp-content\/uploads\/2026\/02\/isola_del_Garda_hochzeit_Gardasee_lake_Garda-4-683x1024-1.jpg 683w, https:\/\/loveandotherstories.de\/wp-content\/uploads\/2026\/02\/isola_del_Garda_hochzeit_Gardasee_lake_Garda-4-683x1024-1-200x300.jpg 200w\" sizes=\"(max-width: 683px) 100vw, 683px\" \/><\/figure>\n<\/figure>\n\n\n\n<p>The <a href=\"https:\/\/loveandotherstories.de\/en\/marrying-in-lake-garda-at-isola-del-garda\/\">Isola del Garda <\/a>ist eine der spektakul\u00e4rsten Kulissen f\u00fcr das <strong>Heiraten am Gardasee<\/strong>. Die neugotische Villa auf der privaten Insel ist ausschlie\u00dflich per Boot erreichbar und setzt damit bereits zu Beginn einer <strong>Gardasee Hochzeit<\/strong> ein starkes Statement.<\/p>\n\n\n\n<p>Die Architektur mit T\u00fcrmen, Loggien und Terrassen wirkt dramatisch und ikonisch. Gleichzeitig bieten die weitl\u00e4ufigen G\u00e4rten ausreichend Raum f\u00fcr eine klare Ablaufstruktur. Eine <strong>Lake Garda Wedding<\/strong> auf dieser Insel verbindet maximale Exklusivit\u00e4t mit einer au\u00dfergew\u00f6hnlichen visuellen Wirkung.<\/p>\n\n\n\n<p>Stil: neugotisch, ikonisch, dramatisch<br>Personenanzahl: bis ca. 200 G\u00e4ste<br>Lage am Wasser: Ja &#8211; Insel im Gardasee<\/p>\n\n\n\n<h3 class=\"wp-block-heading\">Villa Fiordaliso \u2013 Gardone Riviera<\/h3>\n\n\n\n<p>Die Villa Fiordaliso ist eine elegante Jugendstilvilla direkt am Ufer des Sees. Wer eine intime, stilvolle <strong>Gardasee Hochzeit<\/strong> plant, findet hier einen ruhigen und hochwertigen Rahmen.<\/p>\n\n\n\n<p>The <strong>Heiraten am Gardasee<\/strong> in dieser Villa wirkt pers\u00f6nlich und zugleich luxuri\u00f6s. Die Terrasse mit unmittelbarem Wasserbezug eignet sich ideal f\u00fcr ein gesetztes Dinner oder einen Aperitif bei Sonnenuntergang.<\/p>\n\n\n\n<p>Stil: Jugendstil, elegant, intim<br>Personenanzahl: ca. 40\u201380 G\u00e4ste<br>Lage am Wasser: Ja<\/p>\n\n\n\n<h3 class=\"wp-block-heading\">Villa San Vigilio \u2013 Garda<\/h3>\n\n\n\n<p>Die Villa San Vigilio liegt auf einer privaten Halbinsel und geh\u00f6rt zu den diskretesten Orten f\u00fcr eine exklusive <strong>Lake Garda Wedding<\/strong>. Das Anwesen verbindet rustikale Elemente mit mediterraner Eleganz.<\/p>\n\n\n\n<p>Die Zypressenallee und der kleine Hafenbereich schaffen eine starke visuelle Achse f\u00fcr eine <strong>Gardasee Hochzeit<\/strong>. Durch die abgeschiedene Lage entsteht ein Gef\u00fchl von Privatsph\u00e4re, das besonders f\u00fcr internationale Paare attraktiv ist.<\/p>\n\n\n\n<p>Stil: mediterran, historisch, zur\u00fcckhaltend-elegant<br>Personenanzahl: ca. 60\u2013120 G\u00e4ste<br>Lage am Wasser: Ja<\/p>\n\n\n\n<h3 class=\"wp-block-heading\">La Torre San Marco \u2013 Gardone Riviera<\/h3>\n\n\n\n<figure class=\"wp-block-gallery has-nested-images columns-default is-cropped wp-block-gallery-8 is-layout-flex wp-block-gallery-is-layout-flex\">\n<figure class=\"wp-block-image size-full\"><img loading=\"lazy\" decoding=\"async\" width=\"731\" height=\"1024\" data-id=\"7664\" src=\"https:\/\/loveandotherstories.de\/wp-content\/uploads\/2026\/02\/torre_san_marco_hochzeit_Gardasee_lake_Garda-4-731x1024-1.jpg\" alt=\"\" class=\"wp-image-7664\" title=\"\" srcset=\"https:\/\/loveandotherstories.de\/wp-content\/uploads\/2026\/02\/torre_san_marco_hochzeit_Gardasee_lake_Garda-4-731x1024-1.jpg 731w, https:\/\/loveandotherstories.de\/wp-content\/uploads\/2026\/02\/torre_san_marco_hochzeit_Gardasee_lake_Garda-4-731x1024-1-214x300.jpg 214w\" sizes=\"(max-width: 731px) 100vw, 731px\" \/><\/figure>\n\n\n\n<figure class=\"wp-block-image size-full\"><img loading=\"lazy\" decoding=\"async\" width=\"731\" height=\"1024\" data-id=\"7663\" src=\"https:\/\/loveandotherstories.de\/wp-content\/uploads\/2026\/02\/torre_san_marco_hochzeit_Gardasee_lake_Garda-2-731x1024-1.jpg\" alt=\"\" class=\"wp-image-7663\" title=\"\" srcset=\"https:\/\/loveandotherstories.de\/wp-content\/uploads\/2026\/02\/torre_san_marco_hochzeit_Gardasee_lake_Garda-2-731x1024-1.jpg 731w, https:\/\/loveandotherstories.de\/wp-content\/uploads\/2026\/02\/torre_san_marco_hochzeit_Gardasee_lake_Garda-2-731x1024-1-214x300.jpg 214w\" sizes=\"(max-width: 731px) 100vw, 731px\" \/><\/figure>\n\n\n\n<figure class=\"wp-block-image size-full\"><img loading=\"lazy\" decoding=\"async\" width=\"731\" height=\"1024\" data-id=\"7640\" src=\"https:\/\/loveandotherstories.de\/wp-content\/uploads\/2026\/02\/heiraten-am-Gardasee-Hochzeit-Lake-Garda-Wedding-16-731x1024-1.jpg\" alt=\"\" class=\"wp-image-7640\" title=\"\" srcset=\"https:\/\/loveandotherstories.de\/wp-content\/uploads\/2026\/02\/heiraten-am-Gardasee-Hochzeit-Lake-Garda-Wedding-16-731x1024-1.jpg 731w, https:\/\/loveandotherstories.de\/wp-content\/uploads\/2026\/02\/heiraten-am-Gardasee-Hochzeit-Lake-Garda-Wedding-16-731x1024-1-214x300.jpg 214w\" sizes=\"(max-width: 731px) 100vw, 731px\" \/><figcaption class=\"wp-element-caption\">default<\/figcaption><\/figure>\n<\/figure>\n\n\n\n<p><a href=\"https:\/\/loveandotherstories.de\/en\/wedding-lake-garda-torre-san-marco\/\">La Torre San Marco <\/a>ist ein ehemaliger Wasserturm direkt am See. Die vertikale Architektur verleiht jeder <strong>Lake Garda Wedding<\/strong> eine markante Identit\u00e4t.<\/p>\n\n\n\n<p>Die Uferterrasse bietet eine eindrucksvolle Kulisse f\u00fcr eine freie Trauung mit direktem Blick auf das Wasser. Eine <strong>Gardasee Hochzeit<\/strong> an diesem Ort wirkt architektonisch stark und modern interpretiert.<\/p>\n\n\n\n<p>Stil: historisch, architektonisch markant<br>Personenanzahl: bis ca. 150 G\u00e4ste<br>Lage am Wasser: Ja<\/p>\n\n\n\n<h3 class=\"wp-block-heading\">Grand Hotel a Villa Feltrinelli \u2013 Gargnano<\/h3>\n\n\n\n<p>Das Grand Hotel a Villa Feltrinelli z\u00e4hlt zu den exklusivsten H\u00e4usern f\u00fcr das <strong>Heiraten am Gardasee<\/strong>. Die historische Villa kombiniert aristokratische Architektur mit h\u00f6chstem Serviceniveau.<\/p>\n\n\n\n<p>Die Gartenanlage reicht bis an das Seeufer und bietet eine klare, strukturierte Umgebung f\u00fcr eine hochwertige <strong>Gardasee Hochzeit<\/strong> im kleineren Rahmen. Besonders geeignet ist diese Location f\u00fcr exklusive Gesellschaften mit hohem Anspruch an Diskretion.<\/p>\n\n\n\n<p>Stil: Grand Hotel, aristokratisch, luxuri\u00f6s<br>Personenanzahl: ca. 40\u201380 G\u00e4ste<br>Lage am Wasser: Ja<\/p>\n\n\n\n<h3 class=\"wp-block-heading\">Villa Mosconi Bertani \u2013 N\u00e4he Verona<\/h3>\n\n\n\n<p>Die Villa Mosconi Bertani liegt etwas entfernt vom direkten See, wird jedoch h\u00e4ufig im Kontext einer gehobenen <strong>Gardasee Hochzeit<\/strong> gew\u00e4hlt. Die venezianische Architektur mit symmetrischer Fassade und gro\u00dfz\u00fcgiger Parkanlage bietet viel Raum f\u00fcr repr\u00e4sentative Feiern.<\/p>\n\n\n\n<p>The <strong>Heiraten am Gardasee<\/strong> in Kombination mit dieser Villa eignet sich besonders f\u00fcr gr\u00f6\u00dfere Gesellschaften, die eine monumentale Kulisse bevorzugen.<\/p>\n\n\n\n<p>Stil: venezianische Villa, monumental<br>Personenanzahl: bis ca. 200 G\u00e4ste<br>Lage am Wasser: Nein<\/p>\n\n\n\n<h3 class=\"wp-block-heading\">Villa Rizzardi \u2013 Negrar<\/h3>\n\n\n\n<p>Villa Rizzardi beeindruckt durch barocke G\u00e4rten und monumentale Architektur. Eine <strong>Lake Garda Wedding<\/strong> in dieser Villa wirkt repr\u00e4sentativ und gro\u00dfz\u00fcgig.<\/p>\n\n\n\n<p>Die weitl\u00e4ufigen Gartenanlagen erm\u00f6glichen aufwendige Installationen und gro\u00dfe Dinner-Settings unter freiem Himmel. F\u00fcr eine klassische, aristokratische <strong>Gardasee Hochzeit<\/strong> ist diese Location besonders geeignet.<\/p>\n\n\n\n<p>Stil: barock, aristokratisch<br>Personenanzahl: bis ca. 200 G\u00e4ste<br>Lage am Wasser: Nein<\/p>\n\n\n\n<h3 class=\"wp-block-heading\">Villa Bettoni \u2013 Gargnano<\/h3>\n\n\n\n<figure class=\"wp-block-gallery has-nested-images columns-default is-cropped wp-block-gallery-9 is-layout-flex wp-block-gallery-is-layout-flex\">\n<figure class=\"wp-block-image size-full\"><img loading=\"lazy\" decoding=\"async\" width=\"683\" height=\"1024\" data-id=\"7669\" src=\"https:\/\/loveandotherstories.de\/wp-content\/uploads\/2026\/02\/VillaBettoni_Italy_Wedding_LakeGarda_Gardasee_Hochzeit-14-683x1024-1.jpg\" alt=\"\" class=\"wp-image-7669\" title=\"\" srcset=\"https:\/\/loveandotherstories.de\/wp-content\/uploads\/2026\/02\/VillaBettoni_Italy_Wedding_LakeGarda_Gardasee_Hochzeit-14-683x1024-1.jpg 683w, https:\/\/loveandotherstories.de\/wp-content\/uploads\/2026\/02\/VillaBettoni_Italy_Wedding_LakeGarda_Gardasee_Hochzeit-14-683x1024-1-200x300.jpg 200w\" sizes=\"(max-width: 683px) 100vw, 683px\" \/><\/figure>\n\n\n\n<figure class=\"wp-block-image size-full\"><img loading=\"lazy\" decoding=\"async\" width=\"683\" height=\"1024\" data-id=\"7672\" src=\"https:\/\/loveandotherstories.de\/wp-content\/uploads\/2026\/02\/VillaBettoni_Italy_Wedding_LakeGarda_Gardasee_Hochzeit-16-683x1024-1.jpg\" alt=\"\" class=\"wp-image-7672\" title=\"\" srcset=\"https:\/\/loveandotherstories.de\/wp-content\/uploads\/2026\/02\/VillaBettoni_Italy_Wedding_LakeGarda_Gardasee_Hochzeit-16-683x1024-1.jpg 683w, https:\/\/loveandotherstories.de\/wp-content\/uploads\/2026\/02\/VillaBettoni_Italy_Wedding_LakeGarda_Gardasee_Hochzeit-16-683x1024-1-200x300.jpg 200w\" sizes=\"(max-width: 683px) 100vw, 683px\" \/><\/figure>\n\n\n\n<figure class=\"wp-block-image size-full\"><img loading=\"lazy\" decoding=\"async\" width=\"683\" height=\"1024\" data-id=\"7671\" src=\"https:\/\/loveandotherstories.de\/wp-content\/uploads\/2026\/02\/VillaBettoni_Italy_Wedding_LakeGarda_Gardasee_Hochzeit-15-683x1024-2.jpg\" alt=\"\" class=\"wp-image-7671\" title=\"\" srcset=\"https:\/\/loveandotherstories.de\/wp-content\/uploads\/2026\/02\/VillaBettoni_Italy_Wedding_LakeGarda_Gardasee_Hochzeit-15-683x1024-2.jpg 683w, https:\/\/loveandotherstories.de\/wp-content\/uploads\/2026\/02\/VillaBettoni_Italy_Wedding_LakeGarda_Gardasee_Hochzeit-15-683x1024-2-200x300.jpg 200w\" sizes=\"(max-width: 683px) 100vw, 683px\" \/><\/figure>\n<\/figure>\n\n\n\n<p><a href=\"https:\/\/loveandotherstories.de\/en\/villa-bettoni-gardasee-hochzeit\/\">Villa Bettoni<\/a> geh\u00f6rt zu den monumentalsten Adressen f\u00fcr eine exklusive <strong>Gardasee Hochzeit<\/strong>. Die barocke Fassade mit direktem Seezugang schafft eine eindrucksvolle B\u00fchne f\u00fcr das <strong>Heiraten am Gardasee<\/strong>.<\/p>\n\n\n\n<p>Die Kombination aus opulenten Innenr\u00e4umen und strukturierter Seeterrasse erm\u00f6glicht sowohl repr\u00e4sentative Empf\u00e4nge als auch elegante Dinner im Au\u00dfenbereich.<\/p>\n\n\n\n<p>Stil: barock, monumental, repr\u00e4sentativ<br>Personenanzahl: ca. 80\u2013150 G\u00e4ste<br>Lage am Wasser: Ja<\/p>\n\n\n\n<h3 class=\"wp-block-heading\">Palazzo Montanari \u2013 Gardone Riviera<\/h3>\n\n\n\n<p>Der Palazzo Montanari bietet eine elegante und strukturierte Umgebung f\u00fcr eine hochwertige <strong>Lake Garda Wedding<\/strong>. Die Kombination aus klassischer italienischer Architektur, Innenhof und N\u00e4he zum Wasser schafft eine ausgewogene Atmosph\u00e4re.<\/p>\n\n\n\n<p>The <strong>Heiraten am Gardasee<\/strong> in dieser Location wirkt stilvoll und klar inszeniert. Besonders geeignet ist der Palazzo f\u00fcr Gesellschaften, die Eleganz ohne monumentale Inszenierung suchen.<\/p>\n\n\n\n<p>Stil: klassisch-italienisch, elegant<br>Personenanzahl: ca. 60\u2013120 G\u00e4ste<br>Lage am Wasser: Teilweise<\/p>\n\n\n\n<h1 class=\"wp-block-heading\">Fazit: Heiraten am Gardasee als Entscheidung f\u00fcr Klarheit und Qualit\u00e4t<\/h1>\n\n\n\n<p>The <strong>Heiraten am Gardasee<\/strong> ist eine bewusste Wahl f\u00fcr Struktur, Eleganz und internationale Atmosph\u00e4re. Eine <strong>Gardasee Hochzeit<\/strong> verlangt Planungstiefe, Budgetklarheit und Erfahrung. Gleichzeitig bietet sie eine visuelle Kulisse, die kaum eine andere Region Europas in dieser Form vereint.<\/p>\n\n\n\n<p>Wer eine <strong>Lake Garda Wedding<\/strong> plant, entscheidet sich f\u00fcr eine Destination, die sowohl \u00e4sthetisch als auch logistisch anspruchsvoll ist. Die Verbindung aus Wasser, Bergen und historischer Architektur schafft eine Atmosph\u00e4re, die modern und zeitlos zugleich wirkt.<\/p>\n\n\n\n<p>Eine hochwertige <strong>Gardasee Hochzeit<\/strong> lebt von Reduktion, Pr\u00e4zision und bewussten Entscheidungen. Das <strong>Heiraten am Gardasee<\/strong> ist dann au\u00dfergew\u00f6hnlich, wenn jedes Detail auf die Umgebung abgestimmt ist \u2013 vom Design \u00fcber das Timing bis zur fotografischen Begleitung.<\/p>\n\n\n\n<p>For me as <a href=\"https:\/\/loveandotherstories.de\/en\/editorial-wedding-photography\/\">Fotografin <\/a>ist eine <strong>Lake Garda Wedding<\/strong> immer ein Zusammenspiel aus Licht, Linie und Emotion. Eine <strong>Gardasee Hochzeit<\/strong> ist kein Trend, sondern ein Statement f\u00fcr Stil.<\/p>\n\n\n\n<p>The <strong>Heiraten am Gardasee<\/strong> ist damit weit mehr als eine Destination Wedding \u2013 es ist eine Entscheidung f\u00fcr Qualit\u00e4t, Klarheit und ein Hochzeitswochenende, das langfristig Bestand hat.<\/p>\n\n\n\n<figure class=\"wp-block-gallery has-nested-images columns-default is-cropped wp-block-gallery-10 is-layout-flex wp-block-gallery-is-layout-flex\">\n<figure class=\"wp-block-image size-full\"><img loading=\"lazy\" decoding=\"async\" width=\"576\" height=\"1024\" data-id=\"7650\" src=\"https:\/\/loveandotherstories.de\/wp-content\/uploads\/2026\/02\/heiraten-am-Gardasee-Lake-Garda-Wedding-3-576x1024-1.jpg\" alt=\"\" class=\"wp-image-7650\" title=\"\" srcset=\"https:\/\/loveandotherstories.de\/wp-content\/uploads\/2026\/02\/heiraten-am-Gardasee-Lake-Garda-Wedding-3-576x1024-1.jpg 576w, https:\/\/loveandotherstories.de\/wp-content\/uploads\/2026\/02\/heiraten-am-Gardasee-Lake-Garda-Wedding-3-576x1024-1-169x300.jpg 169w\" sizes=\"(max-width: 576px) 100vw, 576px\" \/><\/figure>\n\n\n\n<figure class=\"wp-block-image size-full\"><img loading=\"lazy\" decoding=\"async\" width=\"576\" height=\"1024\" data-id=\"7651\" src=\"https:\/\/loveandotherstories.de\/wp-content\/uploads\/2026\/02\/heiraten-am-Gardasee-Lake-Garda-Wedding-6-576x1024-1.jpg\" alt=\"\" class=\"wp-image-7651\" title=\"\" srcset=\"https:\/\/loveandotherstories.de\/wp-content\/uploads\/2026\/02\/heiraten-am-Gardasee-Lake-Garda-Wedding-6-576x1024-1.jpg 576w, https:\/\/loveandotherstories.de\/wp-content\/uploads\/2026\/02\/heiraten-am-Gardasee-Lake-Garda-Wedding-6-576x1024-1-169x300.jpg 169w\" sizes=\"(max-width: 576px) 100vw, 576px\" \/><\/figure>\n\n\n\n<figure class=\"wp-block-image size-full\"><img loading=\"lazy\" decoding=\"async\" width=\"576\" height=\"1024\" data-id=\"7649\" src=\"https:\/\/loveandotherstories.de\/wp-content\/uploads\/2026\/02\/heiraten-am-Gardasee-Lake-Garda-Wedding-2-576x1024-1.jpg\" alt=\"\" class=\"wp-image-7649\" title=\"\" srcset=\"https:\/\/loveandotherstories.de\/wp-content\/uploads\/2026\/02\/heiraten-am-Gardasee-Lake-Garda-Wedding-2-576x1024-1.jpg 576w, https:\/\/loveandotherstories.de\/wp-content\/uploads\/2026\/02\/heiraten-am-Gardasee-Lake-Garda-Wedding-2-576x1024-1-169x300.jpg 169w\" sizes=\"(max-width: 576px) 100vw, 576px\" \/><\/figure>\n<\/figure>\n\n\n\n<p><\/p>","protected":false},"excerpt":{"rendered":"<p>Eine Gardasee Hochzeit steht f\u00fcr Klarheit, Eleganz und eine Kulisse, die in Europa einzigartig ist. Wer sich f\u00fcr das Heiraten am Gardasee entscheidet, w\u00e4hlt nicht einfach eine Destination in Italien \u2013 sondern eine Region, die See, Berge, historische Architektur und internationales Flair miteinander verbindet. Eine Hochzeit am Gardasee ist mehr als eine Feier. Sie ist [&hellip;]<\/p>\n","protected":false},"author":7,"featured_media":6996,"comment_status":"open","ping_status":"open","sticky":false,"template":"","format":"standard","meta":{"_acf_changed":false,"footnotes":""},"categories":[38,47],"tags":[],"class_list":["post-5651","post","type-post","status-publish","format-standard","has-post-thumbnail","hentry","category-italy","category-real-weddings"],"acf":[],"_links":{"self":[{"href":"https:\/\/loveandotherstories.de\/en\/wp-json\/wp\/v2\/posts\/5651","targetHints":{"allow":["GET"]}}],"collection":[{"href":"https:\/\/loveandotherstories.de\/en\/wp-json\/wp\/v2\/posts"}],"about":[{"href":"https:\/\/loveandotherstories.de\/en\/wp-json\/wp\/v2\/types\/post"}],"author":[{"embeddable":true,"href":"https:\/\/loveandotherstories.de\/en\/wp-json\/wp\/v2\/users\/7"}],"replies":[{"embeddable":true,"href":"https:\/\/loveandotherstories.de\/en\/wp-json\/wp\/v2\/comments?post=5651"}],"version-history":[{"count":1,"href":"https:\/\/loveandotherstories.de\/en\/wp-json\/wp\/v2\/posts\/5651\/revisions"}],"predecessor-version":[{"id":7676,"href":"https:\/\/loveandotherstories.de\/en\/wp-json\/wp\/v2\/posts\/5651\/revisions\/7676"}],"wp:featuredmedia":[{"embeddable":true,"href":"https:\/\/loveandotherstories.de\/en\/wp-json\/wp\/v2\/media\/6996"}],"wp:attachment":[{"href":"https:\/\/loveandotherstories.de\/en\/wp-json\/wp\/v2\/media?parent=5651"}],"wp:term":[{"taxonomy":"category","embeddable":true,"href":"https:\/\/loveandotherstories.de\/en\/wp-json\/wp\/v2\/categories?post=5651"},{"taxonomy":"post_tag","embeddable":true,"href":"https:\/\/loveandotherstories.de\/en\/wp-json\/wp\/v2\/tags?post=5651"}],"curies":[{"name":"wp","href":"https:\/\/api.w.org\/{rel}","templated":true}]}}