{"id":5399,"date":"2026-02-07T14:27:05","date_gmt":"2026-02-07T13:27:05","guid":{"rendered":"https:\/\/loveandotherstories.de\/?p=5399"},"modified":"2026-02-25T11:50:49","modified_gmt":"2026-02-25T10:50:49","slug":"marrying-in-the-mountains-winter-wedding","status":"publish","type":"post","link":"https:\/\/loveandotherstories.de\/en\/heiraten-in-den-bergen-winterhochzeit\/","title":{"rendered":"Winter mountain wedding: things to consider for your mountain wedding"},"content":{"rendered":"<figure class=\"wp-block-gallery has-nested-images columns-default is-cropped wp-block-gallery-1 is-layout-flex wp-block-gallery-is-layout-flex\">\n<figure class=\"wp-block-image size-large\"><img fetchpriority=\"high\" decoding=\"async\" width=\"683\" height=\"1024\" data-id=\"5419\" src=\"https:\/\/loveandotherstories.de\/wp-content\/uploads\/2026\/02\/winterhochzeit-in-den-bergen-berghochzeit-21-scaled-1-683x1024.jpg\" alt=\"Winter mountain wedding with snow-covered mountains and a stylish wedding venue\" class=\"wp-image-5419\" title=\"\" srcset=\"https:\/\/loveandotherstories.de\/wp-content\/uploads\/2026\/02\/winterhochzeit-in-den-bergen-berghochzeit-21-scaled-1-683x1024.jpg 683w, https:\/\/loveandotherstories.de\/wp-content\/uploads\/2026\/02\/winterhochzeit-in-den-bergen-berghochzeit-21-scaled-1-200x300.jpg 200w, https:\/\/loveandotherstories.de\/wp-content\/uploads\/2026\/02\/winterhochzeit-in-den-bergen-berghochzeit-21-scaled-1-768x1152.jpg 768w, https:\/\/loveandotherstories.de\/wp-content\/uploads\/2026\/02\/winterhochzeit-in-den-bergen-berghochzeit-21-scaled-1-1024x1536.jpg 1024w, https:\/\/loveandotherstories.de\/wp-content\/uploads\/2026\/02\/winterhochzeit-in-den-bergen-berghochzeit-21-scaled-1-1366x2048.jpg 1366w, https:\/\/loveandotherstories.de\/wp-content\/uploads\/2026\/02\/winterhochzeit-in-den-bergen-berghochzeit-21-scaled-1.jpg 1707w\" sizes=\"(max-width: 683px) 100vw, 683px\" \/><\/figure>\n\n\n\n<figure class=\"wp-block-image size-large\"><img decoding=\"async\" width=\"683\" height=\"1024\" data-id=\"5415\" src=\"https:\/\/loveandotherstories.de\/wp-content\/uploads\/2026\/02\/winterhochzeit-in-den-bergen-berghochzeit-17-scaled-1-683x1024.jpg\" alt=\"Winter mountain wedding with snow-covered mountains and a stylish wedding venue\" class=\"wp-image-5415\" title=\"\" srcset=\"https:\/\/loveandotherstories.de\/wp-content\/uploads\/2026\/02\/winterhochzeit-in-den-bergen-berghochzeit-17-scaled-1-683x1024.jpg 683w, https:\/\/loveandotherstories.de\/wp-content\/uploads\/2026\/02\/winterhochzeit-in-den-bergen-berghochzeit-17-scaled-1-200x300.jpg 200w, https:\/\/loveandotherstories.de\/wp-content\/uploads\/2026\/02\/winterhochzeit-in-den-bergen-berghochzeit-17-scaled-1-768x1152.jpg 768w, https:\/\/loveandotherstories.de\/wp-content\/uploads\/2026\/02\/winterhochzeit-in-den-bergen-berghochzeit-17-scaled-1-1024x1536.jpg 1024w, https:\/\/loveandotherstories.de\/wp-content\/uploads\/2026\/02\/winterhochzeit-in-den-bergen-berghochzeit-17-scaled-1-1366x2048.jpg 1366w, https:\/\/loveandotherstories.de\/wp-content\/uploads\/2026\/02\/winterhochzeit-in-den-bergen-berghochzeit-17-scaled-1.jpg 1707w\" sizes=\"(max-width: 683px) 100vw, 683px\" \/><\/figure>\n\n\n\n<figure class=\"wp-block-image size-large\"><img decoding=\"async\" width=\"683\" height=\"1024\" data-id=\"5418\" src=\"https:\/\/loveandotherstories.de\/wp-content\/uploads\/2026\/02\/winterhochzeit-in-den-bergen-berghochzeit-20-scaled-1-683x1024.jpg\" alt=\"Winter mountain wedding with snow-covered mountains and a stylish wedding venue\" class=\"wp-image-5418\" title=\"\" srcset=\"https:\/\/loveandotherstories.de\/wp-content\/uploads\/2026\/02\/winterhochzeit-in-den-bergen-berghochzeit-20-scaled-1-683x1024.jpg 683w, https:\/\/loveandotherstories.de\/wp-content\/uploads\/2026\/02\/winterhochzeit-in-den-bergen-berghochzeit-20-scaled-1-200x300.jpg 200w, https:\/\/loveandotherstories.de\/wp-content\/uploads\/2026\/02\/winterhochzeit-in-den-bergen-berghochzeit-20-scaled-1-768x1152.jpg 768w, https:\/\/loveandotherstories.de\/wp-content\/uploads\/2026\/02\/winterhochzeit-in-den-bergen-berghochzeit-20-scaled-1-1024x1536.jpg 1024w, https:\/\/loveandotherstories.de\/wp-content\/uploads\/2026\/02\/winterhochzeit-in-den-bergen-berghochzeit-20-scaled-1-1366x2048.jpg 1366w, https:\/\/loveandotherstories.de\/wp-content\/uploads\/2026\/02\/winterhochzeit-in-den-bergen-berghochzeit-20-scaled-1.jpg 1707w\" sizes=\"(max-width: 683px) 100vw, 683px\" \/><\/figure>\n<\/figure>\n\n\n\n<p>One <strong>Winter wedding in the mountains<\/strong> is not a compromise \u2013 it is a conscious decision for aesthetics, intimacy and exclusivity. While summer weddings are often loud, sprawling and highly scheduled, a <strong>Mountain wedding<\/strong> serene, reduced, and incredibly luxurious in winter. Snow-covered peaks, crackling fires, crisp mountain air, and an atmosphere that almost automatically encourages you to slow down create a setting that deepens emotions rather than overwhelming them.<\/p>\n\n\n\n<p>increasingly decide to <strong>Getting married in the mountains<\/strong> \u2013 and specifically for a <strong>Winter wedding<\/strong>. A <strong>Winter mountain wedding<\/strong> stands for timeless elegance, for genuine closeness and for a wedding experience that feels less like an event and more like a significant moment. Choosing a winter wedding in the mountains means choosing not only a spectacular setting but also a feeling: retreat, clarity and conscious luxury.<\/p>\n\n\n\n<p>So that your <strong>Winter wedding in the mountains<\/strong> not only visually impressive, but feels effortless, high-quality, and well-thought-out for you and your guests, there are some crucial aspects to consider. From planning and choosing the venue to the guest experience, especially for a <strong>Mountain wedding<\/strong>, how much details make a difference \u2013 especially when you opt for the <strong>Getting married in the mountains<\/strong> as a destination wedding.<\/p>\n\n\n\n<figure class=\"wp-block-image size-full\"><img loading=\"lazy\" decoding=\"async\" width=\"2560\" height=\"1707\" src=\"https:\/\/loveandotherstories.de\/wp-content\/uploads\/2026\/02\/winterhochzeit-in-den-bergen-berghochzeit-45.jpg\" alt=\"Winter mountain wedding with snow-covered mountains and a stylish wedding venue\" class=\"wp-image-5443\" title=\"\" srcset=\"https:\/\/loveandotherstories.de\/wp-content\/uploads\/2026\/02\/winterhochzeit-in-den-bergen-berghochzeit-45.jpg 2560w, https:\/\/loveandotherstories.de\/wp-content\/uploads\/2026\/02\/winterhochzeit-in-den-bergen-berghochzeit-45-300x200.jpg 300w, https:\/\/loveandotherstories.de\/wp-content\/uploads\/2026\/02\/winterhochzeit-in-den-bergen-berghochzeit-45-1024x683.jpg 1024w, https:\/\/loveandotherstories.de\/wp-content\/uploads\/2026\/02\/winterhochzeit-in-den-bergen-berghochzeit-45-768x512.jpg 768w, https:\/\/loveandotherstories.de\/wp-content\/uploads\/2026\/02\/winterhochzeit-in-den-bergen-berghochzeit-45-1536x1024.jpg 1536w, https:\/\/loveandotherstories.de\/wp-content\/uploads\/2026\/02\/winterhochzeit-in-den-bergen-berghochzeit-45-2048x1366.jpg 2048w\" sizes=\"(max-width: 2560px) 100vw, 2560px\" \/><\/figure>\n\n\n\n<h2 class=\"wp-block-heading\"><strong>A winter wedding in the mountains is the right choice for couples who love snow, winter sports, cosy atmospheres and a romantic, almost magical setting. It is ideal for those who find the traditional spring or summer wedding a bit too ordinary and are looking for something unique and memorable.\n\nIt's perfect for:\n\n*   **Nature lovers:** Who appreciate the stark beauty of snow-covered landscapes.\n*   **Romantics:** Who are drawn to the intimacy and cosy feeling that a winter setting can provide.\n*   **Adventurers:** Who enjoy skiing, snowboarding, or other winter activities and want to incorporate them into their special day.\n*   **Couples seeking a unique vibe:** Who want a wedding that stands out from the usual and offers a different kind of elegance and charm.\n*   **Those who love cosy environments:** Who enjoy fireplaces, warm drinks, blankets, and a generally snug atmosphere.\n*   **Budget-conscious couples (sometimes):** Off-season weddings can sometimes be more affordable, depending on the specific location and venue.<\/strong><\/h2>\n\n\n\n<p>One <strong>Winter wedding in the mountains<\/strong> aimed at couples who consciously choose quality over quantity and want a wedding that clearly stands out from classic formats. Especially a <strong>Mountain wedding<\/strong> In winter, it appeals to people who see design, architecture, and nature as a unified whole and who, when <strong>Getting married in the mountains<\/strong> not just to beautiful images, but to a holistic experience. A <strong>Winter wedding<\/strong> is less about staging and more about attitude \u2013 reduced, high-quality and emotionally deep. Anyone who opts for a <strong>Winter mountain wedding<\/strong> decides, seeks no stage, but significance and consciously opts for the <strong>Getting married in the mountains<\/strong> as an expression of style, calm and timeless elegance.<\/p>\n\n\n\n<figure class=\"wp-block-gallery has-nested-images columns-default is-cropped wp-block-gallery-2 is-layout-flex wp-block-gallery-is-layout-flex\">\n<figure class=\"wp-block-image size-large\"><img loading=\"lazy\" decoding=\"async\" width=\"683\" height=\"1024\" data-id=\"5434\" src=\"https:\/\/loveandotherstories.de\/wp-content\/uploads\/2026\/02\/winterhochzeit-in-den-bergen-berghochzeit-36-scaled-1-683x1024.jpg\" alt=\"Bride and groom at a mountain wedding in winter, getting married in the mountains\" class=\"wp-image-5434\" title=\"\" srcset=\"https:\/\/loveandotherstories.de\/wp-content\/uploads\/2026\/02\/winterhochzeit-in-den-bergen-berghochzeit-36-scaled-1-683x1024.jpg 683w, https:\/\/loveandotherstories.de\/wp-content\/uploads\/2026\/02\/winterhochzeit-in-den-bergen-berghochzeit-36-scaled-1-200x300.jpg 200w, https:\/\/loveandotherstories.de\/wp-content\/uploads\/2026\/02\/winterhochzeit-in-den-bergen-berghochzeit-36-scaled-1-768x1152.jpg 768w, https:\/\/loveandotherstories.de\/wp-content\/uploads\/2026\/02\/winterhochzeit-in-den-bergen-berghochzeit-36-scaled-1-1024x1536.jpg 1024w, https:\/\/loveandotherstories.de\/wp-content\/uploads\/2026\/02\/winterhochzeit-in-den-bergen-berghochzeit-36-scaled-1-1366x2048.jpg 1366w, https:\/\/loveandotherstories.de\/wp-content\/uploads\/2026\/02\/winterhochzeit-in-den-bergen-berghochzeit-36-scaled-1.jpg 1707w\" sizes=\"(max-width: 683px) 100vw, 683px\" \/><\/figure>\n\n\n\n<figure class=\"wp-block-image size-large\"><img loading=\"lazy\" decoding=\"async\" width=\"683\" height=\"1024\" data-id=\"5421\" src=\"https:\/\/loveandotherstories.de\/wp-content\/uploads\/2026\/02\/winterhochzeit-in-den-bergen-berghochzeit-23-scaled-1-683x1024.jpg\" alt=\"Getting married in the mountains in winter\" class=\"wp-image-5421\" title=\"\" srcset=\"https:\/\/loveandotherstories.de\/wp-content\/uploads\/2026\/02\/winterhochzeit-in-den-bergen-berghochzeit-23-scaled-1-683x1024.jpg 683w, https:\/\/loveandotherstories.de\/wp-content\/uploads\/2026\/02\/winterhochzeit-in-den-bergen-berghochzeit-23-scaled-1-200x300.jpg 200w, https:\/\/loveandotherstories.de\/wp-content\/uploads\/2026\/02\/winterhochzeit-in-den-bergen-berghochzeit-23-scaled-1-768x1152.jpg 768w, https:\/\/loveandotherstories.de\/wp-content\/uploads\/2026\/02\/winterhochzeit-in-den-bergen-berghochzeit-23-scaled-1-1024x1536.jpg 1024w, https:\/\/loveandotherstories.de\/wp-content\/uploads\/2026\/02\/winterhochzeit-in-den-bergen-berghochzeit-23-scaled-1-1366x2048.jpg 1366w, https:\/\/loveandotherstories.de\/wp-content\/uploads\/2026\/02\/winterhochzeit-in-den-bergen-berghochzeit-23-scaled-1.jpg 1707w\" sizes=\"(max-width: 683px) 100vw, 683px\" \/><\/figure>\n\n\n\n<figure class=\"wp-block-image size-large\"><img loading=\"lazy\" decoding=\"async\" width=\"683\" height=\"1024\" data-id=\"5423\" src=\"https:\/\/loveandotherstories.de\/wp-content\/uploads\/2026\/02\/winterhochzeit-in-den-bergen-berghochzeit-25-scaled-1-683x1024.jpg\" alt=\"Flowers at a mountain wedding in winter when getting married in the mountains\" class=\"wp-image-5423\" title=\"\" srcset=\"https:\/\/loveandotherstories.de\/wp-content\/uploads\/2026\/02\/winterhochzeit-in-den-bergen-berghochzeit-25-scaled-1-683x1024.jpg 683w, https:\/\/loveandotherstories.de\/wp-content\/uploads\/2026\/02\/winterhochzeit-in-den-bergen-berghochzeit-25-scaled-1-200x300.jpg 200w, https:\/\/loveandotherstories.de\/wp-content\/uploads\/2026\/02\/winterhochzeit-in-den-bergen-berghochzeit-25-scaled-1-768x1152.jpg 768w, https:\/\/loveandotherstories.de\/wp-content\/uploads\/2026\/02\/winterhochzeit-in-den-bergen-berghochzeit-25-scaled-1-1024x1536.jpg 1024w, https:\/\/loveandotherstories.de\/wp-content\/uploads\/2026\/02\/winterhochzeit-in-den-bergen-berghochzeit-25-scaled-1-1366x2048.jpg 1366w, https:\/\/loveandotherstories.de\/wp-content\/uploads\/2026\/02\/winterhochzeit-in-den-bergen-berghochzeit-25-scaled-1.jpg 1707w\" sizes=\"(max-width: 683px) 100vw, 683px\" \/><\/figure>\n\n\n\n<figure class=\"wp-block-image size-large\"><img loading=\"lazy\" decoding=\"async\" width=\"683\" height=\"1024\" data-id=\"5432\" src=\"https:\/\/loveandotherstories.de\/wp-content\/uploads\/2026\/02\/winterhochzeit-in-den-bergen-berghochzeit-34-scaled-1-683x1024.jpg\" alt=\"Bride and groom at a mountain wedding in winter, getting married in the mountains\" class=\"wp-image-5432\" title=\"\" srcset=\"https:\/\/loveandotherstories.de\/wp-content\/uploads\/2026\/02\/winterhochzeit-in-den-bergen-berghochzeit-34-scaled-1-683x1024.jpg 683w, https:\/\/loveandotherstories.de\/wp-content\/uploads\/2026\/02\/winterhochzeit-in-den-bergen-berghochzeit-34-scaled-1-200x300.jpg 200w, https:\/\/loveandotherstories.de\/wp-content\/uploads\/2026\/02\/winterhochzeit-in-den-bergen-berghochzeit-34-scaled-1-768x1152.jpg 768w, https:\/\/loveandotherstories.de\/wp-content\/uploads\/2026\/02\/winterhochzeit-in-den-bergen-berghochzeit-34-scaled-1-1024x1536.jpg 1024w, https:\/\/loveandotherstories.de\/wp-content\/uploads\/2026\/02\/winterhochzeit-in-den-bergen-berghochzeit-34-scaled-1-1366x2048.jpg 1366w, https:\/\/loveandotherstories.de\/wp-content\/uploads\/2026\/02\/winterhochzeit-in-den-bergen-berghochzeit-34-scaled-1.jpg 1707w\" sizes=\"(max-width: 683px) 100vw, 683px\" \/><\/figure>\n\n\n\n<figure class=\"wp-block-image size-large\"><img loading=\"lazy\" decoding=\"async\" width=\"683\" height=\"1024\" data-id=\"5413\" src=\"https:\/\/loveandotherstories.de\/wp-content\/uploads\/2026\/02\/winterhochzeit-in-den-bergen-berghochzeit-15-scaled-1-683x1024.jpg\" alt=\"Bride and groom at a mountain wedding in winter, getting married in the mountains\" class=\"wp-image-5413\" title=\"\" srcset=\"https:\/\/loveandotherstories.de\/wp-content\/uploads\/2026\/02\/winterhochzeit-in-den-bergen-berghochzeit-15-scaled-1-683x1024.jpg 683w, https:\/\/loveandotherstories.de\/wp-content\/uploads\/2026\/02\/winterhochzeit-in-den-bergen-berghochzeit-15-scaled-1-200x300.jpg 200w, https:\/\/loveandotherstories.de\/wp-content\/uploads\/2026\/02\/winterhochzeit-in-den-bergen-berghochzeit-15-scaled-1-768x1152.jpg 768w, https:\/\/loveandotherstories.de\/wp-content\/uploads\/2026\/02\/winterhochzeit-in-den-bergen-berghochzeit-15-scaled-1-1024x1536.jpg 1024w, https:\/\/loveandotherstories.de\/wp-content\/uploads\/2026\/02\/winterhochzeit-in-den-bergen-berghochzeit-15-scaled-1-1366x2048.jpg 1366w, https:\/\/loveandotherstories.de\/wp-content\/uploads\/2026\/02\/winterhochzeit-in-den-bergen-berghochzeit-15-scaled-1.jpg 1707w\" sizes=\"(max-width: 683px) 100vw, 683px\" \/><\/figure>\n\n\n\n<figure class=\"wp-block-image size-large\"><img loading=\"lazy\" decoding=\"async\" width=\"683\" height=\"1024\" data-id=\"5411\" src=\"https:\/\/loveandotherstories.de\/wp-content\/uploads\/2026\/02\/winterhochzeit-in-den-bergen-berghochzeit-13-scaled-1-683x1024.jpg\" alt=\"Bride and groom at a mountain wedding in winter, getting married in the mountains\" class=\"wp-image-5411\" title=\"\" srcset=\"https:\/\/loveandotherstories.de\/wp-content\/uploads\/2026\/02\/winterhochzeit-in-den-bergen-berghochzeit-13-scaled-1-683x1024.jpg 683w, https:\/\/loveandotherstories.de\/wp-content\/uploads\/2026\/02\/winterhochzeit-in-den-bergen-berghochzeit-13-scaled-1-200x300.jpg 200w, https:\/\/loveandotherstories.de\/wp-content\/uploads\/2026\/02\/winterhochzeit-in-den-bergen-berghochzeit-13-scaled-1-768x1152.jpg 768w, https:\/\/loveandotherstories.de\/wp-content\/uploads\/2026\/02\/winterhochzeit-in-den-bergen-berghochzeit-13-scaled-1-1024x1536.jpg 1024w, https:\/\/loveandotherstories.de\/wp-content\/uploads\/2026\/02\/winterhochzeit-in-den-bergen-berghochzeit-13-scaled-1-1366x2048.jpg 1366w, https:\/\/loveandotherstories.de\/wp-content\/uploads\/2026\/02\/winterhochzeit-in-den-bergen-berghochzeit-13-scaled-1.jpg 1707w\" sizes=\"(max-width: 683px) 100vw, 683px\" \/><\/figure>\n<\/figure>\n\n\n\n<h2 class=\"wp-block-heading\"><strong>Planning a winter wedding in the mountains: What really matters<\/strong><\/h2>\n\n\n\n<h3 class=\"wp-block-heading\"><strong>The right time for your mountain wedding<\/strong><\/h3>\n\n\n\n<p>One <strong>Winter mountain wedding<\/strong> demands a different approach than a classic summer wedding. When <strong>Getting married in the mountains<\/strong> It is not the calendar, but nature that determines the rhythm. Light, weather, and altitude play a central role and influence the entire process of your <strong>Winter wedding in the mountains<\/strong>. This is precisely why planning, timing, and the experience of the service providers involved are crucial in order to <strong>Mountain wedding<\/strong> to create something that feels effortless, calm, and premium.<\/p>\n\n\n\n<p>The months of January to March are considered the ideal timeframe for a <strong>Winter wedding<\/strong> in an alpine environment. In this phase, the snow security is particularly high, the landscape appears clear and calm, and the mountains unfold precisely that magic that many couples associate with the <strong>Getting married in the mountains<\/strong> connect. Deeply snow-covered slopes, clear views of the summits, and stable weather conditions in higher regions create a timeless backdrop that evokes a <strong>Winter mountain wedding<\/strong> their particular intensity.<\/p>\n\n\n\n<p>At the same time, a <strong>Winter wedding in the mountains<\/strong> bring different light conditions. The days are shorter, the light softer, and the transitions between day and evening more fluid. Therein lies a great aesthetic advantage. A late morning or early afternoon wedding allows you to make the most of the natural daylight \u2013 both for the ceremony and for emotional portraits and group shots. For a <strong>Mountain wedding<\/strong> This not only means better lighting conditions but also a more relaxed process without time pressure.<\/p>\n\n\n\n<p>At <strong>Getting married in the mountains<\/strong> It is also worthwhile to consciously structure your day. An earlier start creates space for breaks, for a gentle transition from day to evening, and for those quiet moments that a <strong>Winter wedding<\/strong> make it so special. As dusk slowly settles outside, a warm, intimate atmosphere is created inside with candlelight, a fireplace, and soft lighting \u2013 perfect for a stylish dinner and a atmospheric end to the <strong>Winter mountain wedding<\/strong>.<\/p>\n\n\n\n<p>The right timing also influences the perception of your wedding. A <strong>Winter wedding in the mountains<\/strong>, which is guided by the natural rhythm of its surroundings, doesn't feel regimented but deliberately slowed down. It is precisely this tranquility that makes the <strong>Getting married in the mountains<\/strong> so unique: A sense of timelessness arises, where the focus is not on the passage of time, but on the experience itself.<\/p>\n\n\n\n<p>Wer sich fr\u00fchzeitig mit dem optimalen Zeitpunkt besch\u00e4ftigt und diesen in die Gesamtplanung integriert, schafft die Grundlage f\u00fcr eine successful outcome. <strong>Mountain wedding<\/strong>, which is not only visually impressive, but also feels harmonious and coherent for all involved. A well-timed <strong>Winter wedding<\/strong> It's no coincidence \u2013 it's the result of experience, intuition, and the conscious decision to trust the rhythm of the mountains.<\/p>\n\n\n\n<figure class=\"wp-block-image size-full\"><img loading=\"lazy\" decoding=\"async\" width=\"2560\" height=\"1707\" src=\"https:\/\/loveandotherstories.de\/wp-content\/uploads\/2026\/02\/winterhochzeit-in-den-bergen-berghochzeit-41.jpg\" alt=\"Bride and groom at a mountain wedding in winter, getting married in the mountains\" class=\"wp-image-5439\" title=\"\" srcset=\"https:\/\/loveandotherstories.de\/wp-content\/uploads\/2026\/02\/winterhochzeit-in-den-bergen-berghochzeit-41.jpg 2560w, https:\/\/loveandotherstories.de\/wp-content\/uploads\/2026\/02\/winterhochzeit-in-den-bergen-berghochzeit-41-300x200.jpg 300w, https:\/\/loveandotherstories.de\/wp-content\/uploads\/2026\/02\/winterhochzeit-in-den-bergen-berghochzeit-41-1024x683.jpg 1024w, https:\/\/loveandotherstories.de\/wp-content\/uploads\/2026\/02\/winterhochzeit-in-den-bergen-berghochzeit-41-768x512.jpg 768w, https:\/\/loveandotherstories.de\/wp-content\/uploads\/2026\/02\/winterhochzeit-in-den-bergen-berghochzeit-41-1536x1024.jpg 1536w, https:\/\/loveandotherstories.de\/wp-content\/uploads\/2026\/02\/winterhochzeit-in-den-bergen-berghochzeit-41-2048x1366.jpg 2048w\" sizes=\"(max-width: 2560px) 100vw, 2560px\" \/><\/figure>\n\n\n\n<h3 class=\"wp-block-heading\"><strong>Logistics &amp; Arrival for Mountain Weddings: Luxury Begins with Ease<\/strong><\/h3>\n\n\n\n<p>An often underestimated, but crucial factor of every <strong>Winter wedding in the mountains<\/strong> is the logistics. Especially with a destination-<strong>Mountain wedding<\/strong> it determines whether the entire day feels effortless and relaxed \u2013 or unnecessarily complicated. When <strong>Getting married in the mountains<\/strong> Luxuriousness doesn't begin with design or culinary delights, but rather with the journey and the way guests are welcomed and attended to.<\/p>\n\n\n\n<p>A well-planned <strong>Winter wedding<\/strong> is characterised by guests feeling safe and looked after from the very beginning. The proximity to international airports, clearly organised transfers, and a well-thought-out process ensure that even remote mountain destinations remain easily accessible for winter weddings. Especially for a <strong>Winter mountain wedding<\/strong>, When snow and altitude are factors, this structure is essential. Effortlessness arises when processes function perfectly in the background.<\/p>\n\n\n\n<p>At <strong>Getting married in the mountains<\/strong> Logistics also means taking responsibility for guests. Private transfers, coordinated arrival times, and clear communication channels reduce uncertainty and build trust. A <strong>Winter wedding in the mountains<\/strong> Feels high quality when no one has to ask where they should be and when \u2013 but rather everything slots together seamlessly as a matter of course.<\/p>\n\n\n\n<p>Logistics also play a crucial role on site. Short distances between the accommodation, the wedding venue and the dinner location ensure that the <strong>Mountain wedding<\/strong> remains calm and is not interrupted by constant changes of location. This creates a flowing daily routine, especially in winter, which leaves room for encounters and the <strong>Getting married in the mountains<\/strong> makes it experienceable as an event.<\/p>\n\n\n\n<p>Well-thought-out logistics also create security. Experienced locations and service providers know how to deal with a <strong>Winter wedding<\/strong> deal with weather changes, have alternatives ready, and adapt processes flexibly. This sovereignty is a silent luxury that allows a <strong>Winter mountain wedding<\/strong> is truly relaxing.<\/p>\n\n\n\n<p>At the end, logistics shows how high-quality <strong>Winter wedding in the mountains<\/strong> In reality, if travel, transfers, and procedures run smoothly, there's room for the essentials: emotions, closeness, and consciously experiencing the moment. That's precisely when the <strong>Getting married in the mountains<\/strong> Not only beautiful, but exceptional.<\/p>\n\n\n\n<h3 class=\"wp-block-heading\"><strong>Why Experience is Crucial at Winter Weddings<\/strong><\/h3>\n\n\n\n<p>It is also particularly important to choose experienced service providers. <a href=\"https:\/\/loveandotherstories.de\/en\/\">Photographers<\/a>, Florists and planners who regularly accompany winter weddings know exactly how to make the most of light, cold, and altitude. They automatically think of alternatives, work in a solution-oriented way, and remain calm even when the weather changes \u2013 an invaluable asset for a relaxed wedding. Winter weddings in the Alps are among the projects that I <a href=\"https:\/\/loveandotherstories.de\/en\/\">Wedding photographer <\/a>particularly appreciate \u2013 for the tranquillity, the aesthetic, and the exceptional play of light.<\/p>\n\n\n\n<figure class=\"wp-block-gallery has-nested-images columns-default is-cropped wp-block-gallery-3 is-layout-flex wp-block-gallery-is-layout-flex\">\n<figure class=\"wp-block-image size-large\"><img loading=\"lazy\" decoding=\"async\" width=\"683\" height=\"1024\" data-id=\"5448\" src=\"https:\/\/loveandotherstories.de\/wp-content\/uploads\/2026\/02\/winterhochzeit-in-den-bergen-berghochzeit-50-scaled-1-683x1024.jpg\" alt=\"Bride and groom at a mountain wedding in winter, getting married in the mountains\" class=\"wp-image-5448\" title=\"\" srcset=\"https:\/\/loveandotherstories.de\/wp-content\/uploads\/2026\/02\/winterhochzeit-in-den-bergen-berghochzeit-50-scaled-1-683x1024.jpg 683w, https:\/\/loveandotherstories.de\/wp-content\/uploads\/2026\/02\/winterhochzeit-in-den-bergen-berghochzeit-50-scaled-1-200x300.jpg 200w, https:\/\/loveandotherstories.de\/wp-content\/uploads\/2026\/02\/winterhochzeit-in-den-bergen-berghochzeit-50-scaled-1-768x1152.jpg 768w, https:\/\/loveandotherstories.de\/wp-content\/uploads\/2026\/02\/winterhochzeit-in-den-bergen-berghochzeit-50-scaled-1-1024x1536.jpg 1024w, https:\/\/loveandotherstories.de\/wp-content\/uploads\/2026\/02\/winterhochzeit-in-den-bergen-berghochzeit-50-scaled-1-1366x2048.jpg 1366w, https:\/\/loveandotherstories.de\/wp-content\/uploads\/2026\/02\/winterhochzeit-in-den-bergen-berghochzeit-50-scaled-1.jpg 1707w\" sizes=\"(max-width: 683px) 100vw, 683px\" \/><\/figure>\n\n\n\n<figure class=\"wp-block-image size-large\"><img loading=\"lazy\" decoding=\"async\" width=\"683\" height=\"1024\" data-id=\"5447\" src=\"https:\/\/loveandotherstories.de\/wp-content\/uploads\/2026\/02\/winterhochzeit-in-den-bergen-berghochzeit-49-scaled-1-683x1024.jpg\" alt=\"Bride and groom at a mountain wedding in winter, getting married in the mountains\" class=\"wp-image-5447\" title=\"\" srcset=\"https:\/\/loveandotherstories.de\/wp-content\/uploads\/2026\/02\/winterhochzeit-in-den-bergen-berghochzeit-49-scaled-1-683x1024.jpg 683w, https:\/\/loveandotherstories.de\/wp-content\/uploads\/2026\/02\/winterhochzeit-in-den-bergen-berghochzeit-49-scaled-1-200x300.jpg 200w, https:\/\/loveandotherstories.de\/wp-content\/uploads\/2026\/02\/winterhochzeit-in-den-bergen-berghochzeit-49-scaled-1-768x1152.jpg 768w, https:\/\/loveandotherstories.de\/wp-content\/uploads\/2026\/02\/winterhochzeit-in-den-bergen-berghochzeit-49-scaled-1-1024x1536.jpg 1024w, https:\/\/loveandotherstories.de\/wp-content\/uploads\/2026\/02\/winterhochzeit-in-den-bergen-berghochzeit-49-scaled-1-1366x2048.jpg 1366w, https:\/\/loveandotherstories.de\/wp-content\/uploads\/2026\/02\/winterhochzeit-in-den-bergen-berghochzeit-49-scaled-1.jpg 1707w\" sizes=\"(max-width: 683px) 100vw, 683px\" \/><\/figure>\n\n\n\n<figure class=\"wp-block-image size-large\"><img loading=\"lazy\" decoding=\"async\" width=\"683\" height=\"1024\" data-id=\"5446\" src=\"https:\/\/loveandotherstories.de\/wp-content\/uploads\/2026\/02\/winterhochzeit-in-den-bergen-berghochzeit-48-scaled-1-683x1024.jpg\" alt=\"Bride and groom at a mountain wedding in winter, getting married in the mountains\" class=\"wp-image-5446\" title=\"\" srcset=\"https:\/\/loveandotherstories.de\/wp-content\/uploads\/2026\/02\/winterhochzeit-in-den-bergen-berghochzeit-48-scaled-1-683x1024.jpg 683w, https:\/\/loveandotherstories.de\/wp-content\/uploads\/2026\/02\/winterhochzeit-in-den-bergen-berghochzeit-48-scaled-1-200x300.jpg 200w, https:\/\/loveandotherstories.de\/wp-content\/uploads\/2026\/02\/winterhochzeit-in-den-bergen-berghochzeit-48-scaled-1-768x1152.jpg 768w, https:\/\/loveandotherstories.de\/wp-content\/uploads\/2026\/02\/winterhochzeit-in-den-bergen-berghochzeit-48-scaled-1-1024x1536.jpg 1024w, https:\/\/loveandotherstories.de\/wp-content\/uploads\/2026\/02\/winterhochzeit-in-den-bergen-berghochzeit-48-scaled-1-1366x2048.jpg 1366w, https:\/\/loveandotherstories.de\/wp-content\/uploads\/2026\/02\/winterhochzeit-in-den-bergen-berghochzeit-48-scaled-1.jpg 1707w\" sizes=\"(max-width: 683px) 100vw, 683px\" \/><\/figure>\n\n\n\n<figure class=\"wp-block-image size-large\"><img loading=\"lazy\" decoding=\"async\" width=\"683\" height=\"1024\" data-id=\"5440\" src=\"https:\/\/loveandotherstories.de\/wp-content\/uploads\/2026\/02\/winterhochzeit-in-den-bergen-berghochzeit-42-scaled-1-683x1024.jpg\" alt=\"\" class=\"wp-image-5440\" title=\"\" srcset=\"https:\/\/loveandotherstories.de\/wp-content\/uploads\/2026\/02\/winterhochzeit-in-den-bergen-berghochzeit-42-scaled-1-683x1024.jpg 683w, https:\/\/loveandotherstories.de\/wp-content\/uploads\/2026\/02\/winterhochzeit-in-den-bergen-berghochzeit-42-scaled-1-200x300.jpg 200w, https:\/\/loveandotherstories.de\/wp-content\/uploads\/2026\/02\/winterhochzeit-in-den-bergen-berghochzeit-42-scaled-1-768x1152.jpg 768w, https:\/\/loveandotherstories.de\/wp-content\/uploads\/2026\/02\/winterhochzeit-in-den-bergen-berghochzeit-42-scaled-1-1024x1536.jpg 1024w, https:\/\/loveandotherstories.de\/wp-content\/uploads\/2026\/02\/winterhochzeit-in-den-bergen-berghochzeit-42-scaled-1-1366x2048.jpg 1366w, https:\/\/loveandotherstories.de\/wp-content\/uploads\/2026\/02\/winterhochzeit-in-den-bergen-berghochzeit-42-scaled-1.jpg 1707w\" sizes=\"(max-width: 683px) 100vw, 683px\" \/><\/figure>\n\n\n\n<figure class=\"wp-block-image size-large\"><img loading=\"lazy\" decoding=\"async\" width=\"683\" height=\"1024\" data-id=\"5445\" src=\"https:\/\/loveandotherstories.de\/wp-content\/uploads\/2026\/02\/winterhochzeit-in-den-bergen-berghochzeit-47-scaled-1-683x1024.jpg\" alt=\"Bride and groom at a mountain wedding in winter, getting married in the mountains\" class=\"wp-image-5445\" title=\"\" srcset=\"https:\/\/loveandotherstories.de\/wp-content\/uploads\/2026\/02\/winterhochzeit-in-den-bergen-berghochzeit-47-scaled-1-683x1024.jpg 683w, https:\/\/loveandotherstories.de\/wp-content\/uploads\/2026\/02\/winterhochzeit-in-den-bergen-berghochzeit-47-scaled-1-200x300.jpg 200w, https:\/\/loveandotherstories.de\/wp-content\/uploads\/2026\/02\/winterhochzeit-in-den-bergen-berghochzeit-47-scaled-1-768x1152.jpg 768w, https:\/\/loveandotherstories.de\/wp-content\/uploads\/2026\/02\/winterhochzeit-in-den-bergen-berghochzeit-47-scaled-1-1024x1536.jpg 1024w, https:\/\/loveandotherstories.de\/wp-content\/uploads\/2026\/02\/winterhochzeit-in-den-bergen-berghochzeit-47-scaled-1-1366x2048.jpg 1366w, https:\/\/loveandotherstories.de\/wp-content\/uploads\/2026\/02\/winterhochzeit-in-den-bergen-berghochzeit-47-scaled-1.jpg 1707w\" sizes=\"(max-width: 683px) 100vw, 683px\" \/><\/figure>\n\n\n\n<figure class=\"wp-block-image size-large\"><img decoding=\"async\" width=\"683\" height=\"1024\" data-id=\"5415\" src=\"https:\/\/loveandotherstories.de\/wp-content\/uploads\/2026\/02\/winterhochzeit-in-den-bergen-berghochzeit-17-scaled-1-683x1024.jpg\" alt=\"Winter mountain wedding with snow-covered mountains and a stylish wedding venue\" class=\"wp-image-5415\" title=\"\" srcset=\"https:\/\/loveandotherstories.de\/wp-content\/uploads\/2026\/02\/winterhochzeit-in-den-bergen-berghochzeit-17-scaled-1-683x1024.jpg 683w, https:\/\/loveandotherstories.de\/wp-content\/uploads\/2026\/02\/winterhochzeit-in-den-bergen-berghochzeit-17-scaled-1-200x300.jpg 200w, https:\/\/loveandotherstories.de\/wp-content\/uploads\/2026\/02\/winterhochzeit-in-den-bergen-berghochzeit-17-scaled-1-768x1152.jpg 768w, https:\/\/loveandotherstories.de\/wp-content\/uploads\/2026\/02\/winterhochzeit-in-den-bergen-berghochzeit-17-scaled-1-1024x1536.jpg 1024w, https:\/\/loveandotherstories.de\/wp-content\/uploads\/2026\/02\/winterhochzeit-in-den-bergen-berghochzeit-17-scaled-1-1366x2048.jpg 1366w, https:\/\/loveandotherstories.de\/wp-content\/uploads\/2026\/02\/winterhochzeit-in-den-bergen-berghochzeit-17-scaled-1.jpg 1707w\" sizes=\"(max-width: 683px) 100vw, 683px\" \/><\/figure>\n<\/figure>\n\n\n\n<h2 class=\"wp-block-heading\"><strong>The special advantages of a winter wedding in the mountains<\/strong><\/h2>\n\n\n\n<h3 class=\"wp-block-heading\"><strong>Exclusivity instead of mass wedding operations<\/strong><\/h3>\n\n\n\n<p>One <strong><a href=\"https:\/\/loveandotherstories.de\/en\/mountain-wedding-getting-married-in-the-mountains\/\">Winter wedding<\/a><\/strong> brings qualities that are difficult to achieve in other seasons. One of the biggest advantages is exclusivity. While many of the most beautiful mountain hotels and chalets are busy in winter, weddings are held much less frequently than in the summer months. This allows for more intensive care, greater privacy, and often the exclusive use of individual areas or even entire properties.<\/p>\n\n\n\n<h3 class=\"wp-block-heading\"><strong>Aesthetic that appears timeless<\/strong><\/h3>\n\n\n\n<p>Visually, too, winter offers something that no summer can replace. Snow acts like a natural filter, reflecting light and making colours appear calmer, clearer, and more refined. The landscape itself becomes a minimalist work of art \u2013 perfect for couples who love a timeless, editorial image style.<\/p>\n\n\n\n<h3 class=\"wp-block-heading\"><strong>Intimacy and emotional depth<\/strong><\/h3>\n\n\n\n<p>Emotionally, a special closeness develops in winter. Guests spend more time indoors, sit together for longer, conversations become deeper, the mood more intimate. A mountain wedding in winter feels less like an event and more like an experience \u2013 like a shared chapter that you consciously experience together.<\/p>\n\n\n\n<figure class=\"wp-block-image size-full\"><img loading=\"lazy\" decoding=\"async\" width=\"2560\" height=\"1707\" src=\"https:\/\/loveandotherstories.de\/wp-content\/uploads\/2026\/02\/winterhochzeit-in-den-bergen-berghochzeit-33.jpg\" alt=\"Bride and groom at a mountain wedding in winter, getting married in the mountains\" class=\"wp-image-5431\" title=\"\" srcset=\"https:\/\/loveandotherstories.de\/wp-content\/uploads\/2026\/02\/winterhochzeit-in-den-bergen-berghochzeit-33.jpg 2560w, https:\/\/loveandotherstories.de\/wp-content\/uploads\/2026\/02\/winterhochzeit-in-den-bergen-berghochzeit-33-300x200.jpg 300w, https:\/\/loveandotherstories.de\/wp-content\/uploads\/2026\/02\/winterhochzeit-in-den-bergen-berghochzeit-33-1024x683.jpg 1024w, https:\/\/loveandotherstories.de\/wp-content\/uploads\/2026\/02\/winterhochzeit-in-den-bergen-berghochzeit-33-768x512.jpg 768w, https:\/\/loveandotherstories.de\/wp-content\/uploads\/2026\/02\/winterhochzeit-in-den-bergen-berghochzeit-33-1536x1024.jpg 1536w, https:\/\/loveandotherstories.de\/wp-content\/uploads\/2026\/02\/winterhochzeit-in-den-bergen-berghochzeit-33-2048x1366.jpg 2048w\" sizes=\"(max-width: 2560px) 100vw, 2560px\" \/><\/figure>\n\n\n\n<h2 class=\"wp-block-heading\"><strong>Getting married in winter: the right outfit for your mountain wedding<\/strong><\/h2>\n\n\n\n<p>Mode ist bei einer <strong>Winter wedding in the mountains<\/strong> no side issue \u2013 it is a central design element of the entire <strong>Mountain wedding<\/strong>. Just when <strong>Getting married in the mountains<\/strong> clothing becomes part of the architecture, landscape and atmosphere. A <strong>Winter wedding<\/strong> demand looks that are not only aesthetically convincing but also functionally well-thought-out. Style arises here not in spite of the cold, but precisely because of it.<\/p>\n\n\n\n<p>Wedding dresses for a <strong>Winter wedding in the mountains<\/strong> are characterised by clear silhouettes, high-quality materials and deliberate reduction. Long sleeves made of silk or fine lace, heavy fabrics like mikado, satin or velvet and structured cuts appear particularly elegant and timeless against the wintery mountain backdrop. For a <strong>Winter mountain wedding<\/strong> Can the dress make a statement \u2013 worn with the serenity of the landscape and the clarity of the design? Capes, bespoke coats or detachable overskirts are not just functional, but become style-defining elements that make the look layered and modern.<\/p>\n\n\n\n<p>Just at the <strong>Getting married in the mountains<\/strong> The combination of comfort and luxury plays a crucial role. High-quality cashmere capes, fine wool coats, or structured layering concepts ensure that the bride feels comfortable even during outdoor sequences, without sacrificing elegance. A <strong>Winter wedding<\/strong> allows for playing with textures: matte fabrics meet shimmering surfaces, clean lines meet soft materials. These contrasts make the look of a <strong>Mountain wedding<\/strong> especially exciting and visually striking.<\/p>\n\n\n\n<p>Also for grooms, a <strong>Winter wedding in the mountains<\/strong> new stylistic possibilities. When <strong>Getting married in the mountains<\/strong> Heavy fabrics like flannel, tweed, or velvet not only look suitable but exceptionally luxurious. Tailored coats, high-quality boots, and carefully chosen accessories underscore the character of the <strong>Mountain wedding<\/strong> and blend harmoniously into the wintry overall picture. A <strong>Winter wedding<\/strong> offers scope for individuality \u2013 far from classic summer suits and conventional wedding looks.<\/p>\n\n\n\n<p>Fashion at a <strong>Winter wedding in the mountains<\/strong> is thus far more than an outfit: it is an expression of attitude, style awareness and the conscious decision for a <strong>Mountain wedding<\/strong>, which doesn't need to be loud to make an impression. Those who are interested in <strong>Getting married in the mountains<\/strong> decides, fashion can be understood as part of the experience \u2013 calm, powerful, and timeless.<\/p>\n\n\n\n<h2 class=\"wp-block-heading\"><strong>The ideal location for your winter mountain wedding<\/strong><\/h2>\n\n\n\n<h3 class=\"wp-block-heading\"><strong>What really makes a good mountain wedding venue<\/strong><\/h3>\n\n\n\n<p>Die Wahl der Location entscheidet bei einer <strong>Winter wedding in the mountains<\/strong> decisively on how your entire <strong>Mountain wedding<\/strong> feels \u2013 emotionally, visually, and organisationally. Especially when <strong>Getting married in the mountains<\/strong> The location is far more than just a place: it becomes the setting for closeness, tranquility and conscious luxury. Not every mountain hut is suitable for a high-quality <strong>Winter wedding<\/strong> suitable. What is more decisive are the architecture, lighting, quality of service, and the location's ability to adapt flexibly to the weather and the schedule.<\/p>\n\n\n\n<p>Ideal location for a <strong>Winter mountain wedding<\/strong> combines spectacular nature with thoughtful comfort. Generous window fronts, which reveal views of snow-capped peaks, create an immediate connection to the mountain landscape even indoors. Fireplace rooms, private lounges and stylish restaurants ensure that your <strong>Winter wedding in the mountains<\/strong> feels warm, intimate, and luxurious all at once. This way, you remain independent of external conditions, without having to forgo the emotional impact of the mountains.<\/p>\n\n\n\n<p>Particularly when <strong>Getting married in the mountains<\/strong> Light plays a central role. High-quality mountain wedding venues work with natural daylight, soft transitions and warm lighting concepts that emphasise the winter atmosphere. These details not only affect the mood but also the overall visual language of your <strong>Mountain wedding<\/strong> \u2013 from the wedding ceremony to the dinner in the evening.<\/p>\n\n\n\n<p>Another crucial factor is the service. In a <strong>Winter wedding<\/strong> In an alpine environment, processes have to dovetail perfectly. Experienced venues know how important clear paths, short distances and weatherproof solutions are. From smooth guest reception and flexible room concepts to discreet, attentive service, this is where it becomes clear whether a location is really suitable for a luxurious event. <strong>Mountain wedding<\/strong> done.<\/p>\n\n\n\n<p>Last but not least, the option of accommodating guests directly on site is also gaining enormous importance. A <strong>Winter wedding in the mountains<\/strong> often unfolds its full effect over several days. When the <strong>Getting married in the mountains<\/strong> When a wedding is conceived as a weekend, a sense of retreat and exclusivity automatically arises \u2013 almost like a private retreat. It is precisely this quality that distinguishes an extraordinary <strong>Mountain wedding<\/strong> of a good one.<\/p>\n\n\n\n<p>A really good mountain wedding venue manages to unite nature, architecture and service into one. It takes pressure off the day, allows space for emotions and makes your <strong>Winter wedding in the mountains<\/strong> Not just beautiful, but profound and unforgettable.<\/p>\n\n\n\n<h3 class=\"wp-block-heading\"><strong>Why accommodation for all guests is a gamechanger<\/strong><\/h3>\n\n\n\n<p>Likewise, as important as the choice of location itself is when it comes to <strong>Winter wedding in the mountains<\/strong> the possibility of accommodating your guests directly on-site. A <strong>Mountain wedding<\/strong> seldom unfolds its full effect in just one day \u2013 especially when <strong>Getting married in the mountains<\/strong> The special magic often develops over several shared days. When all guests stay in one place, the pace automatically slows down, encounters become more intense, and a wedding turns into a shared experience.<br>One <strong>Winter wedding<\/strong> in the mountains feels less like a classic wedding schedule and more like an exclusive retreat. Shared breakfasts with views of snow-capped peaks, spontaneous conversations by the fireplace or relaxed hours in the spa create a closeness that is hard to achieve during a single-day celebration. It's precisely these moments that make a <strong>Winter mountain wedding<\/strong> So special and emotionally profound.<br>Just at the <strong>Getting married in the mountains<\/strong> is this form of accommodation a key quality factor. Short distances, no constant arrivals and departures and a clear, calm process ensure that your <strong>Winter wedding in the mountains<\/strong> feels effortless and high-quality \u2013 for you and your guests alike. When everyone is united under one roof, a sense of togetherness emerges that extends far beyond the wedding day.<br>One <strong>Mountain wedding<\/strong> with on-site accommodation, it also allows the wedding concept to be consciously extended: from a welcome dinner and the wedding day itself to a relaxed brunch or farewell moment the following morning. It is precisely this structure that makes the <strong>Getting married in the mountains<\/strong> to a holistic experience and highlights a <strong>Winter wedding<\/strong> Clearly departs from classic wedding formats.<\/p>\n\n\n\n<h2 class=\"wp-block-heading\"><strong>Why a mountain wedding abroad makes particular sense<\/strong><\/h2>\n\n\n\n<figure class=\"wp-block-gallery has-nested-images columns-default is-cropped wp-block-gallery-4 is-layout-flex wp-block-gallery-is-layout-flex\">\n<figure class=\"wp-block-image size-large\"><img loading=\"lazy\" decoding=\"async\" width=\"683\" height=\"1024\" data-id=\"2615\" src=\"https:\/\/loveandotherstories.de\/wp-content\/uploads\/2025\/02\/switzerland_wedding_badruttspalace-destinationwedding_winterwedding-mountainwedding_st.moritz_Loveotherstories-248-683x1024.jpg\" alt=\"\" class=\"wp-image-2615\" title=\"\" srcset=\"https:\/\/loveandotherstories.de\/wp-content\/uploads\/2025\/02\/switzerland_wedding_badruttspalace-destinationwedding_winterwedding-mountainwedding_st.moritz_Loveotherstories-248-683x1024.jpg 683w, https:\/\/loveandotherstories.de\/wp-content\/uploads\/2025\/02\/switzerland_wedding_badruttspalace-destinationwedding_winterwedding-mountainwedding_st.moritz_Loveotherstories-248-200x300.jpg 200w, https:\/\/loveandotherstories.de\/wp-content\/uploads\/2025\/02\/switzerland_wedding_badruttspalace-destinationwedding_winterwedding-mountainwedding_st.moritz_Loveotherstories-248-768x1152.jpg 768w, https:\/\/loveandotherstories.de\/wp-content\/uploads\/2025\/02\/switzerland_wedding_badruttspalace-destinationwedding_winterwedding-mountainwedding_st.moritz_Loveotherstories-248-1024x1536.jpg 1024w, https:\/\/loveandotherstories.de\/wp-content\/uploads\/2025\/02\/switzerland_wedding_badruttspalace-destinationwedding_winterwedding-mountainwedding_st.moritz_Loveotherstories-248-1365x2048.jpg 1365w, https:\/\/loveandotherstories.de\/wp-content\/uploads\/2025\/02\/switzerland_wedding_badruttspalace-destinationwedding_winterwedding-mountainwedding_st.moritz_Loveotherstories-248.jpg 1500w\" sizes=\"(max-width: 683px) 100vw, 683px\" \/><\/figure>\n\n\n\n<figure class=\"wp-block-image size-large\"><img loading=\"lazy\" decoding=\"async\" width=\"683\" height=\"1024\" data-id=\"2604\" src=\"https:\/\/loveandotherstories.de\/wp-content\/uploads\/2025\/02\/switzerland_wedding_badruttspalace-destinationwedding_winterwedding-mountainwedding_st.moritz_Loveotherstories-114-683x1024.jpg\" alt=\"\" class=\"wp-image-2604\" title=\"\" srcset=\"https:\/\/loveandotherstories.de\/wp-content\/uploads\/2025\/02\/switzerland_wedding_badruttspalace-destinationwedding_winterwedding-mountainwedding_st.moritz_Loveotherstories-114-683x1024.jpg 683w, https:\/\/loveandotherstories.de\/wp-content\/uploads\/2025\/02\/switzerland_wedding_badruttspalace-destinationwedding_winterwedding-mountainwedding_st.moritz_Loveotherstories-114-200x300.jpg 200w, https:\/\/loveandotherstories.de\/wp-content\/uploads\/2025\/02\/switzerland_wedding_badruttspalace-destinationwedding_winterwedding-mountainwedding_st.moritz_Loveotherstories-114-768x1152.jpg 768w, https:\/\/loveandotherstories.de\/wp-content\/uploads\/2025\/02\/switzerland_wedding_badruttspalace-destinationwedding_winterwedding-mountainwedding_st.moritz_Loveotherstories-114-1024x1536.jpg 1024w, https:\/\/loveandotherstories.de\/wp-content\/uploads\/2025\/02\/switzerland_wedding_badruttspalace-destinationwedding_winterwedding-mountainwedding_st.moritz_Loveotherstories-114-1365x2048.jpg 1365w, https:\/\/loveandotherstories.de\/wp-content\/uploads\/2025\/02\/switzerland_wedding_badruttspalace-destinationwedding_winterwedding-mountainwedding_st.moritz_Loveotherstories-114.jpg 1500w\" sizes=\"(max-width: 683px) 100vw, 683px\" \/><\/figure>\n\n\n\n<figure class=\"wp-block-image size-large\"><img loading=\"lazy\" decoding=\"async\" width=\"683\" height=\"1024\" data-id=\"2616\" src=\"https:\/\/loveandotherstories.de\/wp-content\/uploads\/2025\/02\/switzerland_wedding_badruttspalace-destinationwedding_winterwedding-mountainwedding_st.moritz_Loveotherstories-158-683x1024.jpg\" alt=\"\" class=\"wp-image-2616\" title=\"\" srcset=\"https:\/\/loveandotherstories.de\/wp-content\/uploads\/2025\/02\/switzerland_wedding_badruttspalace-destinationwedding_winterwedding-mountainwedding_st.moritz_Loveotherstories-158-683x1024.jpg 683w, https:\/\/loveandotherstories.de\/wp-content\/uploads\/2025\/02\/switzerland_wedding_badruttspalace-destinationwedding_winterwedding-mountainwedding_st.moritz_Loveotherstories-158-200x300.jpg 200w, https:\/\/loveandotherstories.de\/wp-content\/uploads\/2025\/02\/switzerland_wedding_badruttspalace-destinationwedding_winterwedding-mountainwedding_st.moritz_Loveotherstories-158-768x1152.jpg 768w, https:\/\/loveandotherstories.de\/wp-content\/uploads\/2025\/02\/switzerland_wedding_badruttspalace-destinationwedding_winterwedding-mountainwedding_st.moritz_Loveotherstories-158-1024x1536.jpg 1024w, https:\/\/loveandotherstories.de\/wp-content\/uploads\/2025\/02\/switzerland_wedding_badruttspalace-destinationwedding_winterwedding-mountainwedding_st.moritz_Loveotherstories-158-1365x2048.jpg 1365w, https:\/\/loveandotherstories.de\/wp-content\/uploads\/2025\/02\/switzerland_wedding_badruttspalace-destinationwedding_winterwedding-mountainwedding_st.moritz_Loveotherstories-158.jpg 1500w\" sizes=\"(max-width: 683px) 100vw, 683px\" \/><\/figure>\n\n\n\n<figure class=\"wp-block-image size-large\"><img loading=\"lazy\" decoding=\"async\" width=\"683\" height=\"1024\" data-id=\"2611\" src=\"https:\/\/loveandotherstories.de\/wp-content\/uploads\/2025\/02\/switzerland_wedding_badruttspalace-destinationwedding_winterwedding-mountainwedding_st.moritz_Loveotherstories-280-683x1024.jpg\" alt=\"\" class=\"wp-image-2611\" title=\"\" srcset=\"https:\/\/loveandotherstories.de\/wp-content\/uploads\/2025\/02\/switzerland_wedding_badruttspalace-destinationwedding_winterwedding-mountainwedding_st.moritz_Loveotherstories-280-683x1024.jpg 683w, https:\/\/loveandotherstories.de\/wp-content\/uploads\/2025\/02\/switzerland_wedding_badruttspalace-destinationwedding_winterwedding-mountainwedding_st.moritz_Loveotherstories-280-200x300.jpg 200w, https:\/\/loveandotherstories.de\/wp-content\/uploads\/2025\/02\/switzerland_wedding_badruttspalace-destinationwedding_winterwedding-mountainwedding_st.moritz_Loveotherstories-280-768x1152.jpg 768w, https:\/\/loveandotherstories.de\/wp-content\/uploads\/2025\/02\/switzerland_wedding_badruttspalace-destinationwedding_winterwedding-mountainwedding_st.moritz_Loveotherstories-280-1024x1536.jpg 1024w, https:\/\/loveandotherstories.de\/wp-content\/uploads\/2025\/02\/switzerland_wedding_badruttspalace-destinationwedding_winterwedding-mountainwedding_st.moritz_Loveotherstories-280-1365x2048.jpg 1365w, https:\/\/loveandotherstories.de\/wp-content\/uploads\/2025\/02\/switzerland_wedding_badruttspalace-destinationwedding_winterwedding-mountainwedding_st.moritz_Loveotherstories-280.jpg 1500w\" sizes=\"(max-width: 683px) 100vw, 683px\" \/><\/figure>\n\n\n\n<figure class=\"wp-block-image size-large\"><img loading=\"lazy\" decoding=\"async\" width=\"683\" height=\"1024\" data-id=\"2598\" src=\"https:\/\/loveandotherstories.de\/wp-content\/uploads\/2025\/02\/switzerland_wedding_badruttspalace-destinationwedding_winterwedding-mountainwedding_st.moritz_Loveotherstories-40-1-683x1024.jpg\" alt=\"\" class=\"wp-image-2598\" title=\"\" srcset=\"https:\/\/loveandotherstories.de\/wp-content\/uploads\/2025\/02\/switzerland_wedding_badruttspalace-destinationwedding_winterwedding-mountainwedding_st.moritz_Loveotherstories-40-1-683x1024.jpg 683w, https:\/\/loveandotherstories.de\/wp-content\/uploads\/2025\/02\/switzerland_wedding_badruttspalace-destinationwedding_winterwedding-mountainwedding_st.moritz_Loveotherstories-40-1-200x300.jpg 200w, https:\/\/loveandotherstories.de\/wp-content\/uploads\/2025\/02\/switzerland_wedding_badruttspalace-destinationwedding_winterwedding-mountainwedding_st.moritz_Loveotherstories-40-1-768x1152.jpg 768w, https:\/\/loveandotherstories.de\/wp-content\/uploads\/2025\/02\/switzerland_wedding_badruttspalace-destinationwedding_winterwedding-mountainwedding_st.moritz_Loveotherstories-40-1-1024x1536.jpg 1024w, https:\/\/loveandotherstories.de\/wp-content\/uploads\/2025\/02\/switzerland_wedding_badruttspalace-destinationwedding_winterwedding-mountainwedding_st.moritz_Loveotherstories-40-1-1365x2048.jpg 1365w, https:\/\/loveandotherstories.de\/wp-content\/uploads\/2025\/02\/switzerland_wedding_badruttspalace-destinationwedding_winterwedding-mountainwedding_st.moritz_Loveotherstories-40-1.jpg 1500w\" sizes=\"(max-width: 683px) 100vw, 683px\" \/><\/figure>\n\n\n\n<figure class=\"wp-block-image size-large\"><img loading=\"lazy\" decoding=\"async\" width=\"683\" height=\"1024\" data-id=\"2613\" src=\"https:\/\/loveandotherstories.de\/wp-content\/uploads\/2025\/02\/switzerland_wedding_badruttspalace-destinationwedding_winterwedding-mountainwedding_st.moritz_Loveotherstories-164-683x1024.jpg\" alt=\"\" class=\"wp-image-2613\" title=\"\" srcset=\"https:\/\/loveandotherstories.de\/wp-content\/uploads\/2025\/02\/switzerland_wedding_badruttspalace-destinationwedding_winterwedding-mountainwedding_st.moritz_Loveotherstories-164-683x1024.jpg 683w, https:\/\/loveandotherstories.de\/wp-content\/uploads\/2025\/02\/switzerland_wedding_badruttspalace-destinationwedding_winterwedding-mountainwedding_st.moritz_Loveotherstories-164-200x300.jpg 200w, https:\/\/loveandotherstories.de\/wp-content\/uploads\/2025\/02\/switzerland_wedding_badruttspalace-destinationwedding_winterwedding-mountainwedding_st.moritz_Loveotherstories-164-768x1152.jpg 768w, https:\/\/loveandotherstories.de\/wp-content\/uploads\/2025\/02\/switzerland_wedding_badruttspalace-destinationwedding_winterwedding-mountainwedding_st.moritz_Loveotherstories-164-1024x1536.jpg 1024w, https:\/\/loveandotherstories.de\/wp-content\/uploads\/2025\/02\/switzerland_wedding_badruttspalace-destinationwedding_winterwedding-mountainwedding_st.moritz_Loveotherstories-164-1365x2048.jpg 1365w, https:\/\/loveandotherstories.de\/wp-content\/uploads\/2025\/02\/switzerland_wedding_badruttspalace-destinationwedding_winterwedding-mountainwedding_st.moritz_Loveotherstories-164.jpg 1500w\" sizes=\"(max-width: 683px) 100vw, 683px\" \/><\/figure>\n<\/figure>\n\n\n\n<p>Many couples consciously decide on a <strong>Winter wedding in the mountains<\/strong> abroad, specifically choosing the Alpine regions of France, Austria and Switzerland. For decades, these countries have stood for alpine luxury, uncompromising quality and a service standard that is regarded as a benchmark worldwide. A <strong>Mountain wedding<\/strong> in these regions doesn't feel staged, but natural \u2013 that's precisely what makes them so special. <strong>Getting married in the mountains<\/strong> is not considered an exception here, but rather an integral part of a culture that combines elegance, hospitality, and the highest professionalism.<\/p>\n\n\n\n<p>Especially for international couples and guests, a <strong>Winter wedding<\/strong> ideal conditions in the Alps. International airports, first-class road connections, private transfers, and luxury hotels ensure that even remote mountain destinations remain easily accessible. This perfect infrastructure is a crucial factor when it comes to a <strong>Winter mountain wedding<\/strong> works, where comfort and safety are as important as aesthetics. Guests feel well looked after from the very first moment \u2013 an aspect that, when <strong>Getting married in the mountains<\/strong> significantly contributes to the relaxed atmosphere.<\/p>\n\n\n\n<p>Furthermore, there's the culinary diversity, which <strong>Winter wedding in the mountains<\/strong> What makes the Alps so unique. From modern haute cuisine, through alpine fine-dining concepts, to regionally reinterpreted classics, a culinary experience is created that perfectly complements the wintry surroundings. Food here is not understood as a programme item, but as part of the overall staging of a <strong>Mountain wedding<\/strong>, where enjoyment, quality, and atmosphere merge.<\/p>\n\n\n\n<p>Another reason why so many couples opt for a <strong>Mountain wedding<\/strong> deciding abroad, is the experiential aspect that the Alps offer quite naturally. Skiing, spas, winter walks, gourmet restaurants and spectacular natural scenery can be ideally integrated into a multi-day concept. A <strong>Winter wedding in the mountains<\/strong> will become a Wedding Weekend or even a multi-day celebration, where the <strong>Getting married in the mountains<\/strong> not reduced to a single moment, but unfolds through shared experiences.<\/p>\n\n\n\n<p>Precisely this combination of luxury, nature, and experience makes a <strong>Winter mountain wedding<\/strong> so emotionally sustainable. Shared hours by the fireplace, views of snow-capped peaks, relaxed spa moments or brunch the morning after the wedding create memories that go far beyond the actual wedding day. A <strong>Winter wedding<\/strong> This makes it feel less like a classic event and more like a consciously chosen retreat in the Alps \u2013 exclusive, quiet and profound.<\/p>\n\n\n\n<p>This is an incomplete German sentence. It translates to \"Whoever is interested in the...\" or \"Those who are interested in the...\". To provide a complete translation, please provide the rest of the sentence. <strong>Getting married in the mountains<\/strong> in the Alps decides, you're not just choosing a destination, but a way of life. A <strong>Winter wedding in the mountains<\/strong> stands for timeless elegance, conscious luxury, and a form of celebration that allows for intimacy, quality, and genuine encounters. This is precisely why these weddings remain present not only in photographs, but also in the feelings of everyone who has experienced them.<\/p>\n\n\n\n<p><\/p>\n\n\n\n<h2 class=\"wp-block-heading\">Top 12 Luxury Mountain Wedding Venues in Switzerland &amp; Austria<\/h2>\n\n\n\n<h3 class=\"wp-block-heading\">1. The Chedi Andermatt \u2014 Andermatt, Switzerland<\/h3>\n\n\n\n<p>Minimalist Alpine luxury at an international 5-star level.<br>Perfect for modern, design-conscious couples seeking uncompromising quality, privacy, and world-class service in a spectacular mountain setting to enjoy their mountain wedding. <\/p>\n\n\n\n<h3 class=\"wp-block-heading\">2. Badrutt's Palace Hotel \u2014 St. Moritz, Switzerland<\/h3>\n\n\n\n<p>Icons of European Grand Hotel Luxury.<br>Old-money glamour, society history and absolute grandeur \u2013 ideal for opulent black-tie mountain weddings with an international guest list.<\/p>\n\n\n\n<h3 class=\"wp-block-heading\">3. Suvretta House \u2014 St. Moritz, Switzerland<\/h3>\n\n\n\n<p>Discreet luxury and aristocratic elegance high above the Engadin.<br>One of the most exclusive addresses for classic, timeless weddings with plenty of space, peace and privacy.<\/p>\n\n\n\n<h3 class=\"wp-block-heading\">4. Kulm Hotel St. Moritz \u2014 St. Moritz, Switzerland<\/h3>\n\n\n\n<p>Legendary, steeped in history, and unashamedly luxurious.<br>Perfect for large wedding celebrations with ballroom character, excellent cuisine and iconic alpine panoramas.<\/p>\n\n\n\n<h3 class=\"wp-block-heading\">5. Giardino Mountain \u2013 Champf\u00e8r \/ St. Moritz, Switzerland<\/h3>\n\n\n\n<p>Mediterranean lifestyle meets alpine coolness.<br>Ideal for modern destination weddings with outdoor ceremonies for your winter wedding, stylish events, and relaxed luxury.<\/p>\n\n\n\n<h3 class=\"wp-block-heading\">6. Villa Honegg \u2014 Ennetb\u00fcrgen, Switzerland<\/h3>\n\n\n\n<p>Intimate, iconic, and visually unparalleled.<br>One of Switzerland's most sought-after boutique wedding venues for small, extremely high-end weddings with a focus on aesthetics and editorial photography.<\/p>\n\n\n\n<h3 class=\"wp-block-heading\">7. Grand Hotel Kronenhof \u2014 Pontresina, Switzerland<\/h3>\n\n\n\n<p>Neo-baroque grandeur at the highest level.<br>Perfect for classic luxury weddings with international flair, spacious rooms and excellent service.<\/p>\n\n\n\n<h3 class=\"wp-block-heading\">8. Grand Resort Bad Ragaz \u2014 Bad Ragaz, Switzerland<\/h3>\n\n\n\n<p>Discreet ultra-luxury with a spa and gourmet focus.<br>Ideal for exclusive wedding weekends with Michelin dining, wellness, and the highest comfort for discerning guests.<\/p>\n\n\n\n<h3 class=\"wp-block-heading\">9. Schloss Leopoldskron - Salzburg, Austria<\/h3>\n\n\n\n<p>European castle romance in an absolute prime location.<br>One of Austria's most elegant wedding venues for couples seeking to combine classic aesthetics, culture, and exclusivity.<\/p>\n\n\n\n<h3 class=\"wp-block-heading\">10. Schloss Elmau \u2014 Alpine Region Austria \/ Germany<\/h3>\n\n\n\n<p>Architecture, nature, and intellectual luxury in perfect balance.<br>Ideal for couples with a sense of design, culture, and exceptional alpine retreats.<\/p>\n\n\n\n<h3 class=\"wp-block-heading\">11. Interalpen-Hotel Tyrol \u2014 Tyrol, Austria<\/h3>\n\n\n\n<p>Monumental luxury at over 1,300 metres.<br>Generous, exclusive and perfect for international mountain weddings with many guests and the highest service demands.<\/p>\n\n\n\n<h3 class=\"wp-block-heading\">12. Aurelio Lech \u2014 Lech am Arlberg, Austria<\/h3>\n\n\n\n<p>Private chalet atmosphere meets high-end luxury.<br>Ideal for ultra-exclusive, intimate weddings with a focus on privacy, design, and alpine elegance.<\/p>\n\n\n\n<h2 class=\"wp-block-heading\"><strong>The Guest Experience: Why it's crucial for a winter wedding<\/strong><\/h2>\n\n\n\n<figure class=\"wp-block-image size-full\"><img loading=\"lazy\" decoding=\"async\" width=\"2560\" height=\"1707\" src=\"https:\/\/loveandotherstories.de\/wp-content\/uploads\/2026\/02\/winterhochzeit-in-den-bergen-berghochzeit-32.jpg\" alt=\"Bride and groom at a mountain wedding in winter, getting married in the mountains\" class=\"wp-image-5430\" title=\"\" srcset=\"https:\/\/loveandotherstories.de\/wp-content\/uploads\/2026\/02\/winterhochzeit-in-den-bergen-berghochzeit-32.jpg 2560w, https:\/\/loveandotherstories.de\/wp-content\/uploads\/2026\/02\/winterhochzeit-in-den-bergen-berghochzeit-32-300x200.jpg 300w, https:\/\/loveandotherstories.de\/wp-content\/uploads\/2026\/02\/winterhochzeit-in-den-bergen-berghochzeit-32-1024x683.jpg 1024w, https:\/\/loveandotherstories.de\/wp-content\/uploads\/2026\/02\/winterhochzeit-in-den-bergen-berghochzeit-32-768x512.jpg 768w, https:\/\/loveandotherstories.de\/wp-content\/uploads\/2026\/02\/winterhochzeit-in-den-bergen-berghochzeit-32-1536x1024.jpg 1536w, https:\/\/loveandotherstories.de\/wp-content\/uploads\/2026\/02\/winterhochzeit-in-den-bergen-berghochzeit-32-2048x1366.jpg 2048w\" sizes=\"(max-width: 2560px) 100vw, 2560px\" \/><\/figure>\n\n\n\n<p>A winter wedding in the mountains relies heavily on the guest experience. Warm welcome moments, high-quality materials, soft lighting, and a clear schedule ensure that everyone feels welcome. <strong>Winter wedding in the mountains<\/strong> lives to a special extent from the experience of the guests. Especially with a <strong>Mountain wedding<\/strong> In winter, the quiet, considered details determine how the entire day \u2013 and often the whole weekend \u2013 feels. Warm moments of welcome, high-quality materials, soft, atmospheric lighting, and a clearly structured schedule create a sense of <strong>Winter wedding<\/strong> immediately the feeling of arriving and security. When <strong>Getting married in the mountains<\/strong> it's not about staging, but about atmosphere \u2013 about the conscious experience of a place and a moment.<\/p>\n\n\n\n<p>Particularly with a <strong>Winter wedding in the mountains<\/strong> It is crucial that guests can orient themselves from the very first moment, without having to think about it. Clear processes, short distances, and a calm narrative ensure that no one feels lost and everyone can stay completely in the moment. This effortlessness is an essential part of a high-quality <strong>Mountain wedding<\/strong> and shapes the perception of the entire celebration.<\/p>\n\n\n\n<p>More and more couples are therefore opting for <strong>Getting married in the mountains<\/strong> for multi-day concepts. A welcome dinner on the arrival day creates a relaxed start, takes pressure off the wedding day itself, and allows for initial encounters in an informal atmosphere. Joint activities such as winter hikes, spa time, or informal gatherings by the fireplace deepen the sense of community and let the <strong>Winter wedding<\/strong> turn into a real experience.<\/p>\n\n\n\n<p>A relaxed brunch on the day of departure finally forms a harmonious conclusion to the <strong>Winter mountain wedding<\/strong>. Without time pressure, the most intensive conversations often develop here \u2013 reminiscing, laughter, quiet moments. It is precisely this structure that makes the <strong>Getting married in the mountains<\/strong> so special: The wedding is not compressed into a few hours, but unfolds over several days.<\/p>\n\n\n\n<p>A successful guest experience in a <strong>Winter wedding in the mountains<\/strong> means making space \u2013 for closeness, for peace, and for genuine encounters. It turns a <strong>Mountain wedding<\/strong> not an event, but a shared chapter that guests not only witness but become part of. And that's precisely why these weddings remain so memorable.<\/p>\n\n\n\n<figure class=\"wp-block-gallery has-nested-images columns-default is-cropped wp-block-gallery-5 is-layout-flex wp-block-gallery-is-layout-flex\">\n<figure class=\"wp-block-image size-full\"><img loading=\"lazy\" decoding=\"async\" width=\"683\" height=\"1024\" data-id=\"8376\" src=\"https:\/\/loveandotherstories.de\/wp-content\/uploads\/2026\/02\/switzerland_wedding_badruttspalace-destinationwedding_winterwedding-mountainwedding_st.moritz_Loveotherstories-2-683x1024-1.jpg\" alt=\"\" class=\"wp-image-8376\" title=\"\" srcset=\"https:\/\/loveandotherstories.de\/wp-content\/uploads\/2026\/02\/switzerland_wedding_badruttspalace-destinationwedding_winterwedding-mountainwedding_st.moritz_Loveotherstories-2-683x1024-1.jpg 683w, https:\/\/loveandotherstories.de\/wp-content\/uploads\/2026\/02\/switzerland_wedding_badruttspalace-destinationwedding_winterwedding-mountainwedding_st.moritz_Loveotherstories-2-683x1024-1-200x300.jpg 200w\" sizes=\"(max-width: 683px) 100vw, 683px\" \/><\/figure>\n\n\n\n<figure class=\"wp-block-image size-full\"><img loading=\"lazy\" decoding=\"async\" width=\"683\" height=\"1024\" data-id=\"8377\" src=\"https:\/\/loveandotherstories.de\/wp-content\/uploads\/2026\/02\/switzerland_wedding_badruttspalace-destinationwedding_winterwedding-mountainwedding_st.moritz_Loveotherstories-7-683x1024-1.jpg\" alt=\"\" class=\"wp-image-8377\" title=\"\" srcset=\"https:\/\/loveandotherstories.de\/wp-content\/uploads\/2026\/02\/switzerland_wedding_badruttspalace-destinationwedding_winterwedding-mountainwedding_st.moritz_Loveotherstories-7-683x1024-1.jpg 683w, https:\/\/loveandotherstories.de\/wp-content\/uploads\/2026\/02\/switzerland_wedding_badruttspalace-destinationwedding_winterwedding-mountainwedding_st.moritz_Loveotherstories-7-683x1024-1-200x300.jpg 200w\" sizes=\"(max-width: 683px) 100vw, 683px\" \/><\/figure>\n\n\n\n<figure class=\"wp-block-image size-full\"><img loading=\"lazy\" decoding=\"async\" width=\"683\" height=\"1024\" data-id=\"8378\" src=\"https:\/\/loveandotherstories.de\/wp-content\/uploads\/2026\/02\/switzerland_wedding_badruttspalace-destinationwedding_winterwedding-mountainwedding_st.moritz_Loveotherstories-10-683x1024-1.jpg\" alt=\"\" class=\"wp-image-8378\" title=\"\" srcset=\"https:\/\/loveandotherstories.de\/wp-content\/uploads\/2026\/02\/switzerland_wedding_badruttspalace-destinationwedding_winterwedding-mountainwedding_st.moritz_Loveotherstories-10-683x1024-1.jpg 683w, https:\/\/loveandotherstories.de\/wp-content\/uploads\/2026\/02\/switzerland_wedding_badruttspalace-destinationwedding_winterwedding-mountainwedding_st.moritz_Loveotherstories-10-683x1024-1-200x300.jpg 200w\" sizes=\"(max-width: 683px) 100vw, 683px\" \/><\/figure>\n\n\n\n<figure class=\"wp-block-image size-full\"><img loading=\"lazy\" decoding=\"async\" width=\"683\" height=\"1024\" data-id=\"8379\" src=\"https:\/\/loveandotherstories.de\/wp-content\/uploads\/2026\/02\/switzerland_wedding_badruttspalace-destinationwedding_winterwedding-mountainwedding_st.moritz_Loveotherstories-15-683x1024-1.jpg\" alt=\"\" class=\"wp-image-8379\" title=\"\" srcset=\"https:\/\/loveandotherstories.de\/wp-content\/uploads\/2026\/02\/switzerland_wedding_badruttspalace-destinationwedding_winterwedding-mountainwedding_st.moritz_Loveotherstories-15-683x1024-1.jpg 683w, https:\/\/loveandotherstories.de\/wp-content\/uploads\/2026\/02\/switzerland_wedding_badruttspalace-destinationwedding_winterwedding-mountainwedding_st.moritz_Loveotherstories-15-683x1024-1-200x300.jpg 200w\" sizes=\"(max-width: 683px) 100vw, 683px\" \/><\/figure>\n\n\n\n<figure class=\"wp-block-image size-full\"><img loading=\"lazy\" decoding=\"async\" width=\"683\" height=\"1024\" data-id=\"8380\" src=\"https:\/\/loveandotherstories.de\/wp-content\/uploads\/2026\/02\/switzerland_wedding_badruttspalace-destinationwedding_winterwedding-mountainwedding_st.moritz_Loveotherstories-21-683x1024-1.jpg\" alt=\"\" class=\"wp-image-8380\" title=\"\" srcset=\"https:\/\/loveandotherstories.de\/wp-content\/uploads\/2026\/02\/switzerland_wedding_badruttspalace-destinationwedding_winterwedding-mountainwedding_st.moritz_Loveotherstories-21-683x1024-1.jpg 683w, https:\/\/loveandotherstories.de\/wp-content\/uploads\/2026\/02\/switzerland_wedding_badruttspalace-destinationwedding_winterwedding-mountainwedding_st.moritz_Loveotherstories-21-683x1024-1-200x300.jpg 200w\" sizes=\"(max-width: 683px) 100vw, 683px\" \/><\/figure>\n\n\n\n<figure class=\"wp-block-image size-full\"><img loading=\"lazy\" decoding=\"async\" width=\"683\" height=\"1024\" data-id=\"8381\" src=\"https:\/\/loveandotherstories.de\/wp-content\/uploads\/2026\/02\/switzerland_wedding_badruttspalace-destinationwedding_winterwedding-mountainwedding_st.moritz_Loveotherstories-29-683x1024-1.jpg\" alt=\"\" class=\"wp-image-8381\" title=\"\" srcset=\"https:\/\/loveandotherstories.de\/wp-content\/uploads\/2026\/02\/switzerland_wedding_badruttspalace-destinationwedding_winterwedding-mountainwedding_st.moritz_Loveotherstories-29-683x1024-1.jpg 683w, https:\/\/loveandotherstories.de\/wp-content\/uploads\/2026\/02\/switzerland_wedding_badruttspalace-destinationwedding_winterwedding-mountainwedding_st.moritz_Loveotherstories-29-683x1024-1-200x300.jpg 200w\" sizes=\"(max-width: 683px) 100vw, 683px\" \/><\/figure>\n\n\n\n<figure class=\"wp-block-image size-full\"><img loading=\"lazy\" decoding=\"async\" width=\"683\" height=\"1024\" data-id=\"8382\" src=\"https:\/\/loveandotherstories.de\/wp-content\/uploads\/2026\/02\/switzerland_wedding_badruttspalace-destinationwedding_winterwedding-mountainwedding_st.moritz_Loveotherstories-30-683x1024-1.jpg\" alt=\"\" class=\"wp-image-8382\" title=\"\" srcset=\"https:\/\/loveandotherstories.de\/wp-content\/uploads\/2026\/02\/switzerland_wedding_badruttspalace-destinationwedding_winterwedding-mountainwedding_st.moritz_Loveotherstories-30-683x1024-1.jpg 683w, https:\/\/loveandotherstories.de\/wp-content\/uploads\/2026\/02\/switzerland_wedding_badruttspalace-destinationwedding_winterwedding-mountainwedding_st.moritz_Loveotherstories-30-683x1024-1-200x300.jpg 200w\" sizes=\"(max-width: 683px) 100vw, 683px\" \/><\/figure>\n\n\n\n<figure class=\"wp-block-image size-full\"><img loading=\"lazy\" decoding=\"async\" width=\"683\" height=\"1024\" data-id=\"8383\" src=\"https:\/\/loveandotherstories.de\/wp-content\/uploads\/2026\/02\/switzerland_wedding_badruttspalace-destinationwedding_winterwedding-mountainwedding_st.moritz_Loveotherstories-32-683x1024-1.jpg\" alt=\"\" class=\"wp-image-8383\" title=\"\" srcset=\"https:\/\/loveandotherstories.de\/wp-content\/uploads\/2026\/02\/switzerland_wedding_badruttspalace-destinationwedding_winterwedding-mountainwedding_st.moritz_Loveotherstories-32-683x1024-1.jpg 683w, https:\/\/loveandotherstories.de\/wp-content\/uploads\/2026\/02\/switzerland_wedding_badruttspalace-destinationwedding_winterwedding-mountainwedding_st.moritz_Loveotherstories-32-683x1024-1-200x300.jpg 200w\" sizes=\"(max-width: 683px) 100vw, 683px\" \/><\/figure>\n\n\n\n<figure class=\"wp-block-image size-full\"><img loading=\"lazy\" decoding=\"async\" width=\"683\" height=\"1024\" data-id=\"8373\" src=\"https:\/\/loveandotherstories.de\/wp-content\/uploads\/2025\/12\/switzerland_wedding_badruttspalace-destinationwedding_winterwedding-mountainwedding_st.moritz_Loveotherstories-33-683x1024-3.jpg\" alt=\"\" class=\"wp-image-8373\" title=\"\" srcset=\"https:\/\/loveandotherstories.de\/wp-content\/uploads\/2025\/12\/switzerland_wedding_badruttspalace-destinationwedding_winterwedding-mountainwedding_st.moritz_Loveotherstories-33-683x1024-3.jpg 683w, https:\/\/loveandotherstories.de\/wp-content\/uploads\/2025\/12\/switzerland_wedding_badruttspalace-destinationwedding_winterwedding-mountainwedding_st.moritz_Loveotherstories-33-683x1024-3-200x300.jpg 200w\" sizes=\"(max-width: 683px) 100vw, 683px\" \/><\/figure>\n<\/figure>\n\n\n\n<h2 class=\"wp-block-heading\"><strong>Conclusion: Winter wedding in the mountains \u2013 deliberately different, deliberately luxurious<\/strong><\/h2>\n\n\n\n<p>One <strong>Winter wedding in the mountains<\/strong> is the epitome of elegance, intimacy, and spectacular nature for many couples. Snow-capped peaks, crisp mountain air, and exclusive locations make a <strong>Winter mountain wedding<\/strong> to an unforgettable experience \u2013 but present their own particular challenges when planning. Those who wish to marry in the mountains should consider well in advance that weather, logistics, and daylight play a crucial role. Especially with a <strong>Winter wedding in the mountains<\/strong> differ significantly from a classic summer wedding in terms of format, styling, and timing. This way, your <strong>Mountain wedding<\/strong> not only looks beautiful, but also runs smoothly, we'll show you what's important for a <strong><a href=\"https:\/\/gluecksgefuehle-weddings.at\/\" target=\"_blank\" rel=\"noopener\">Winter wedding in the mountains<\/a><\/strong> ...is what really matters \u2013 from the right location to the small details that make the difference.<\/p>\n\n\n\n<p>One<a href=\"https:\/\/loveandotherstories.de\/en\/wedding-photographer-switzerland\/\"> Winter wedding in the mountains <\/a>is not a spontaneous decision \u2013 it is a clear statement. It is aimed at couples who don't just want to \u201eget married\u201c, but want to create an atmosphere. A mood that doesn't need to be staged because it arises naturally: through silence, space, light, and reduction. While snow falls outside and the mountains come to rest, everything focuses on the essential \u2013 on closeness, emotion, and genuine moments.<\/p>\n\n\n\n<p>It is precisely in winter that alpine luxury locations reveal their strongest appeal. No distractions, no visual clutter, no excess. Instead, clean lines, warm materials, a fireplace, candlelight and a backdrop that appears timeless. <a href=\"https:\/\/loveandotherstories.de\/en\/getting-married-in-austria\/\">Winter Weddings <\/a>are quieter, but more intense. They feel more exclusive, not because they are bigger, but because they are more deliberately planned. Fewer events, fewer guests \u2013 but more space for quality, enjoyment and genuine connection.<\/p>\n\n\n\n<p>As <a href=\"https:\/\/loveandotherstories.de\/en\/\">Wedding photographer<\/a> I often find winter weddings in the mountains to be particularly emotional. The light is softer, the colour palette calmer, the images automatically appear editorial and elegant. Couples are more present, less driven, more themselves. A intimacy is created that is rarely found at large summer weddings. For me, these are precisely the conditions under which authentic, strong images are created \u2013 images that are not loud, but deep.<\/p>\n\n\n\n<p>A mountain wedding in winter appeals to couples who define luxury not through performance, but through feeling, service and atmosphere. Those who consciously choose quality over quantity. For places that are not open to everyone. For experiences that cannot be copied. It is a form of luxury that you feel \u2013 not one that you have to explain.<\/p>\n\n\n\n<p>Those who choose a winter wedding in the mountains are choosing to go against conventions and instead embrace character. Against trends and for timelessness. For a wedding weekend that feels like an exclusive retreat \u2013 intimate, stylish, and exceptional. And that's precisely why it won't just be remembered; it becomes part of your shared story.<\/p>\n\n\n\n<p><a href=\"https:\/\/loveandotherstories.de\/en\/\">Lisa C. \u2013 Love &amp; Other Stories <\/a><\/p>\n\n\n\n<p><\/p>","protected":false},"excerpt":{"rendered":"<p>Eine Winterhochzeit in den Bergen ist kein Kompromiss \u2013 sie ist eine bewusste Entscheidung f\u00fcr \u00c4sthetik, Intimit\u00e4t und Exklusivit\u00e4t. W\u00e4hrend Sommerhochzeiten oft laut, weitl\u00e4ufig und durchgetaktet sind, f\u00fchlt sich eine Berghochzeit im Winter ruhig, reduziert und gleichzeitig unglaublich luxuri\u00f6s an. Schneebedeckte Gipfel, knisterndes Kaminfeuer, klare Bergluft und eine Atmosph\u00e4re, die fast automatisch entschleunigt, schaffen einen [&hellip;]<\/p>\n","protected":false},"author":7,"featured_media":5443,"comment_status":"open","ping_status":"open","sticky":false,"template":"","format":"standard","meta":{"_acf_changed":false,"footnotes":""},"categories":[39,41,48],"tags":[],"class_list":["post-5399","post","type-post","status-publish","format-standard","has-post-thumbnail","hentry","category-switzerland","category-austria","category-insights"],"acf":[],"_links":{"self":[{"href":"https:\/\/loveandotherstories.de\/en\/wp-json\/wp\/v2\/posts\/5399","targetHints":{"allow":["GET"]}}],"collection":[{"href":"https:\/\/loveandotherstories.de\/en\/wp-json\/wp\/v2\/posts"}],"about":[{"href":"https:\/\/loveandotherstories.de\/en\/wp-json\/wp\/v2\/types\/post"}],"author":[{"embeddable":true,"href":"https:\/\/loveandotherstories.de\/en\/wp-json\/wp\/v2\/users\/7"}],"replies":[{"embeddable":true,"href":"https:\/\/loveandotherstories.de\/en\/wp-json\/wp\/v2\/comments?post=5399"}],"version-history":[{"count":1,"href":"https:\/\/loveandotherstories.de\/en\/wp-json\/wp\/v2\/posts\/5399\/revisions"}],"predecessor-version":[{"id":8385,"href":"https:\/\/loveandotherstories.de\/en\/wp-json\/wp\/v2\/posts\/5399\/revisions\/8385"}],"wp:featuredmedia":[{"embeddable":true,"href":"https:\/\/loveandotherstories.de\/en\/wp-json\/wp\/v2\/media\/5443"}],"wp:attachment":[{"href":"https:\/\/loveandotherstories.de\/en\/wp-json\/wp\/v2\/media?parent=5399"}],"wp:term":[{"taxonomy":"category","embeddable":true,"href":"https:\/\/loveandotherstories.de\/en\/wp-json\/wp\/v2\/categories?post=5399"},{"taxonomy":"post_tag","embeddable":true,"href":"https:\/\/loveandotherstories.de\/en\/wp-json\/wp\/v2\/tags?post=5399"}],"curies":[{"name":"wp","href":"https:\/\/api.w.org\/{rel}","templated":true}]}}